{"id":11412,"date":"2016-08-05T06:55:48","date_gmt":"2016-08-05T06:55:48","guid":{"rendered":"http:\/\/www.monitor-radiotv.it\/w\/?p=11412"},"modified":"2019-11-15T10:10:32","modified_gmt":"2019-11-15T09:10:32","slug":"osram-e-clay-paky-acquisiscono-le-attivita-di-adb-entertainment-lighting","status":"publish","type":"post","link":"https:\/\/www.monitor-radiotv.it\/w\/osram-e-clay-paky-acquisiscono-le-attivita-di-adb-entertainment-lighting\/","title":{"rendered":"OSRAM e CLAY PAKY acquisiscono le attivit\u00e0 di ADB entertainment lighting"},"content":{"rendered":"<div id=\"fb-root\"><\/div>\n<p><a href=\"http:\/\/www.osram.com\" target=\"_blank\" rel=\"noopener noreferrer\"> <img loading=\"lazy\" decoding=\"async\" class=\"alignright size-full wp-image-11436\" src=\"\/\/www.monitor-radiotv.it\/w\/wp-content\/uploads\/2016\/08\/DSC_0028_DET.jpg\" alt=\"DSC_0028_DET\" width=\"150\" height=\"157\" \/><\/a><a href=\"http:\/\/www.osram.com\" target=\"_blank\" rel=\"noopener noreferrer\"><br \/>\nOSRAM<\/a>\u00a0sta consolidando la sua posizione di leader di mercato nel settore\u00a0dell&#8217;intrattenimento e ha acquisito alcuni asset della societ\u00e0\u00a0<a href=\"http:\/\/www.adblighting.com\/\" target=\"_blank\" rel=\"noopener noreferrer\">ADB TTV SAS<\/a><a href=\"http:\/\/www.osram.com\" target=\"_blank\" rel=\"noopener noreferrer\">, <\/a>della\u00a0quale proseguir\u00e0 le attivit\u00e0 produttive e commerciali. Il business acquisito \u00e8 entrato\u00a0a far parte integrante di\u00a0<a href=\"http:\/\/www.claypaky.it\" target=\"_blank\" rel=\"noopener noreferrer\">Clay Paky<\/a><a href=\"http:\/\/www.osram.com\" target=\"_blank\" rel=\"noopener noreferrer\">, <\/a>l\u2019azienda di illuminazione per lo spettacolo\u00a0controllata da OSRAM.<a href=\"http:\/\/www.osram.com\" target=\"_blank\" rel=\"noopener noreferrer\"><br \/>\n<\/a><\/p>\n<p><img loading=\"lazy\" decoding=\"async\" class=\"alignright size-full wp-image-11434\" src=\"\/\/www.monitor-radiotv.it\/w\/wp-content\/uploads\/2016\/08\/DSC_0051_DET.jpg\" alt=\"DSC_0051_DET\" width=\"150\" height=\"143\" \/>ADB \u00e8 una societ\u00e0 francese con una fabbrica a Saint Quentin, specializzata in\u00a0illuminazione per teatri e studi televisivi. La transazione \u00e8 stata completata il 3\u00a0agosto 2016.<em> &#8220;Con l&#8217;acquisizione delle attivit\u00e0 di ADB TTV SAS e l\u2019alta reputazione di\u00a0cui gode il marchio ADB, consolideremo la nostra posizione sul mercato\u00a0dell&#8217;entertainment lighting, noto per i suoi contenuti d\u2019innovazione&#8221;<\/em>, ha dichiarato\u00a0<strong>Hans-Joachim Schwabe<\/strong>, CEO della Specialty Lighting unit di OSRAM.<\/p>\n<p><img loading=\"lazy\" decoding=\"async\" class=\"alignright size-full wp-image-11435\" src=\"\/\/www.monitor-radiotv.it\/w\/wp-content\/uploads\/2016\/08\/DSC_0074_DET.jpg\" alt=\"DSC_0074_DET\" width=\"150\" height=\"170\" \/>Fondata originariamente in Belgio nel 1920, ADB TTV SAS ha ricoperto per decenni una\u00a0posizione di leadership come fornitore di soluzioni di illuminazione al top per gli studi\u00a0teatrali e televisivi. Il portafoglio di prodotti della societ\u00e0 comprende proiettori per\u00a0illuminazione, dimmer e centraline di controllo per le luci. I prodotti dell&#8217;azienda sono\u00a0venduti in tutto il mondo attraverso una rete di qualificati distributori indipendenti. Fra le\u00a0referenze pi\u00f9 importanti meritano di essere ricordati teatri prestigiosi come il National\u00a0Grand Theatre di Pechino, la Opera Garnier di Parigi e il Teatro alla Scala di Milano.<\/p>\n<p><em>&#8220;ADB porta in dote una ricca esperienza nell\u2019illuminazione per i palcoscenici e gli studi\u00a0televisivi e una gamma completa di prodotti che sono totalmente complementari ai nostri.\u00a0Unendo le forze, saremo in grado di fondere al meglio la specializzazione applicativa di\u00a0ADB con alla nostra vocazione per l\u2019innovazione e know-how tecnologico. Vogliamo\u00a0progettare insieme la prossima generazione di prodotti che guideranno l&#8217;evoluzione di un\u00a0settore cos\u00ec esigente come quello teatrale&#8221;<\/em>, spiega <strong>Pio Nahum<\/strong>, CEO di Clay Paky.<\/p>\n","protected":false},"excerpt":{"rendered":"<p>OSRAM\u00a0sta consolidando la sua posizione di leader di mercato nel settore\u00a0dell&#8217;intrattenimento e ha acquisito alcuni asset della societ\u00e0\u00a0ADB TTV SAS, della\u00a0quale proseguir\u00e0 le attivit\u00e0 produttive e commerciali. Il business acquisito \u00e8 entrato\u00a0a far parte integrante di\u00a0Clay Paky, l\u2019azienda di illuminazione per lo spettacolo\u00a0controllata da OSRAM. ADB \u00e8 una societ\u00e0 francese&#8230;<\/p>\n","protected":false},"author":1,"featured_media":11433,"comment_status":"closed","ping_status":"closed","sticky":false,"template":"","format":"standard","meta":{"om_disable_all_campaigns":false,"footnotes":""},"categories":[71],"tags":[27],"class_list":["post-11412","post","type-post","status-publish","format-standard","has-post-thumbnail","hentry","category-illuminazione","tag-video-tv-alta-frequenza"],"_links":{"self":[{"href":"https:\/\/www.monitor-radiotv.it\/w\/wp-json\/wp\/v2\/posts\/11412","targetHints":{"allow":["GET"]}}],"collection":[{"href":"https:\/\/www.monitor-radiotv.it\/w\/wp-json\/wp\/v2\/posts"}],"about":[{"href":"https:\/\/www.monitor-radiotv.it\/w\/wp-json\/wp\/v2\/types\/post"}],"author":[{"embeddable":true,"href":"https:\/\/www.monitor-radiotv.it\/w\/wp-json\/wp\/v2\/users\/1"}],"replies":[{"embeddable":true,"href":"https:\/\/www.monitor-radiotv.it\/w\/wp-json\/wp\/v2\/comments?post=11412"}],"version-history":[{"count":1,"href":"https:\/\/www.monitor-radiotv.it\/w\/wp-json\/wp\/v2\/posts\/11412\/revisions"}],"predecessor-version":[{"id":25495,"href":"https:\/\/www.monitor-radiotv.it\/w\/wp-json\/wp\/v2\/posts\/11412\/revisions\/25495"}],"wp:featuredmedia":[{"embeddable":true,"href":"https:\/\/www.monitor-radiotv.it\/w\/wp-json\/wp\/v2\/media\/11433"}],"wp:attachment":[{"href":"https:\/\/www.monitor-radiotv.it\/w\/wp-json\/wp\/v2\/media?parent=11412"}],"wp:term":[{"taxonomy":"category","embeddable":true,"href":"https:\/\/www.monitor-radiotv.it\/w\/wp-json\/wp\/v2\/categories?post=11412"},{"taxonomy":"post_tag","embeddable":true,"href":"https:\/\/www.monitor-radiotv.it\/w\/wp-json\/wp\/v2\/tags?post=11412"}],"curies":[{"name":"wp","href":"https:\/\/api.w.org\/{rel}","templated":true}]}}