{"id":228,"date":"2012-03-22T15:43:15","date_gmt":"2012-03-22T14:43:15","guid":{"rendered":"http:\/\/www.monitor-radiotv.it\/wp\/?p=228"},"modified":"2019-11-15T12:15:25","modified_gmt":"2019-11-15T11:15:25","slug":"screen-service-prende-le-distanze-dal-poprio-presidente-antonio-mazzara","status":"publish","type":"post","link":"https:\/\/www.monitor-radiotv.it\/w\/screen-service-prende-le-distanze-dal-poprio-presidente-antonio-mazzara\/","title":{"rendered":"Screen Service prende le distanze dal poprio presidente Antonio Mazzara"},"content":{"rendered":"<div id=\"fb-root\"><\/div>\n<p><img decoding=\"async\" src=\"\/\/www.monitor-radiotv.it\/wp\/wp-content\/plugins\/rss-poster\/cache\/4a904_screen.jpg\" align=\"right\" \/>La scorsa settimana la Guardia di Finanza ha perquisito la sede di Screen Service nell&#8217;ambito di un&#8217;inchiesta su un complesso <i>giro di fatture false<\/i> per oltre 100 milioni di euro, partita dall&#8217;attivit\u00e0 di una societ\u00e0 olandese, che ha coinvolto compagnie in Italia, Spagna, Lussemburgo, Dubai, Polonia, e altri paesi europei.<br \/>\nIl &#8216;ramo&#8217; italiano dell&#8217;inchiesta riguarda l&#8217;attivit\u00e0 di una dozzina di societ\u00e0 e di Antonio Mazzara (presidente di Screen Service), al quale \u00e8 stata perquisita anche l&#8217;abitazione.<br \/>\nLa Screen Service in un comunicato ha preso subito le distanze dal presidente Mazzara: <i>&#8220;Con riferimento alla perquisizione svolta dalla Guardia di Finanza presso la sede di Brescia, Screen Service Spa conferma e puntualizza la propria totale estraneit\u00e0 ai fatti e alle circostanze che rappresentano il presupposto della stessa perquisizione e della correlativa indagine, da riferirsi &#8211; impregiudicata ogni valutazione nel merito &#8211; a vicende personali del dottor <b>Antonio Mazzara<\/b>.&#8221;<\/i><br \/>\nInoltre la societ\u00e0 annuncia che alla prossima assemblea di Screen Service del <b>29 marzo 2012<\/b> l&#8217;attuale presidente formalizzer\u00e0 le proprie dimissioni.<\/p>\n<p>Si apre dunque un nuovo capitolo nella travagliata storia finanziaria dell&#8217;azienda bresciana da quando \u00e8 entrata in borsa per ampliare le proprie attivit\u00e0.<br \/>\nSolo l&#8217;anno scorso l&#8217;arresto del finanziere Simone Cimino da poco dimessosi da presidente della societ\u00e0 aveva obbligato i vertici di Screen Service a prendere le distanze dall&#8217;ex- dirigente. Anche in quel caso gli addebiti a Cimino erano per reati estranei alla gestione di Screen Service.<\/p>\n<p>\nAttualmente la societ\u00e0 soffre anche in borsa dove le sue azioni hanno gi\u00e0 lasciato sul campo il 30 per cento del loro valore dall&#8217;inizio dell&#8217;anno.<\/p>\n<p>\nToccher\u00e0 ora all&#8217;assemblea del 29 marzo rimettere ordine. Si presenteranno a Brescia le tre cordate che si contendono la gestione della societ\u00e0 e che gi\u00e0 si sono scontrate aspramente nel recente passato: la Screen_Service Group, azionista che ha in carico intorno al 30% del capitale sociale e che rappresenta gli azionisti <i>bresciani<\/i> che in origine hanno supportato l&#8217;azienda, la finanziaria delle isole Cayman Permian Master  Fund LP detentrice del 6 % del capitale e Finext srl, altra finanziaria bresciana che ha in portafoglio il 12 % di Screen Service.\n<\/p><\/p>\n","protected":false},"excerpt":{"rendered":"<p>La scorsa settimana la Guardia di Finanza ha perquisito la sede di Screen Service nell&#8217;ambito di un&#8217;inchiesta su un complesso giro di fatture false per oltre 100 milioni di euro, partita dall&#8217;attivit\u00e0 di una societ\u00e0 olandese, che ha coinvolto compagnie in Italia, Spagna, Lussemburgo, Dubai, Polonia, e altri paesi europei&#8230;.<\/p>\n","protected":false},"author":1,"featured_media":0,"comment_status":"open","ping_status":"open","sticky":false,"template":"","format":"standard","meta":{"om_disable_all_campaigns":false,"footnotes":""},"categories":[11],"tags":[],"class_list":["post-228","post","type-post","status-publish","format-standard","hentry","category-senza-categoria"],"_links":{"self":[{"href":"https:\/\/www.monitor-radiotv.it\/w\/wp-json\/wp\/v2\/posts\/228","targetHints":{"allow":["GET"]}}],"collection":[{"href":"https:\/\/www.monitor-radiotv.it\/w\/wp-json\/wp\/v2\/posts"}],"about":[{"href":"https:\/\/www.monitor-radiotv.it\/w\/wp-json\/wp\/v2\/types\/post"}],"author":[{"embeddable":true,"href":"https:\/\/www.monitor-radiotv.it\/w\/wp-json\/wp\/v2\/users\/1"}],"replies":[{"embeddable":true,"href":"https:\/\/www.monitor-radiotv.it\/w\/wp-json\/wp\/v2\/comments?post=228"}],"version-history":[{"count":1,"href":"https:\/\/www.monitor-radiotv.it\/w\/wp-json\/wp\/v2\/posts\/228\/revisions"}],"predecessor-version":[{"id":25744,"href":"https:\/\/www.monitor-radiotv.it\/w\/wp-json\/wp\/v2\/posts\/228\/revisions\/25744"}],"wp:attachment":[{"href":"https:\/\/www.monitor-radiotv.it\/w\/wp-json\/wp\/v2\/media?parent=228"}],"wp:term":[{"taxonomy":"category","embeddable":true,"href":"https:\/\/www.monitor-radiotv.it\/w\/wp-json\/wp\/v2\/categories?post=228"},{"taxonomy":"post_tag","embeddable":true,"href":"https:\/\/www.monitor-radiotv.it\/w\/wp-json\/wp\/v2\/tags?post=228"}],"curies":[{"name":"wp","href":"https:\/\/api.w.org\/{rel}","templated":true}]}}