{"id":280,"date":"2012-05-11T21:31:18","date_gmt":"2012-05-11T20:31:18","guid":{"rendered":"http:\/\/www.monitor-radiotv.it\/wp\/?p=280"},"modified":"2019-11-15T12:26:12","modified_gmt":"2019-11-15T11:26:12","slug":"le-radio-private-allesordio-in-tunisia","status":"publish","type":"post","link":"https:\/\/www.monitor-radiotv.it\/w\/le-radio-private-allesordio-in-tunisia\/","title":{"rendered":"Le radio private all&#8217;esordio in Tunisia"},"content":{"rendered":"<div id=\"fb-root\"><\/div>\n<p><img decoding=\"async\" src=\"\/\/www.monitor-radiotv.it\/wp\/wp-content\/plugins\/rss-poster\/cache\/6737c_tunisi1.jpg\" align=\"right\" \/><a href=\"http:\/\/www.monitor-radiotv.com\/openxlink.shtml?http:\/\/www.radio3.rai.it\/dl\/radio3\/programmi\/PublishingBlock-46afea43-1082-4bf9-a0c7-79f3a3a3c667.html\">Radio3Mondo<\/a> racconta ogni mattina l&#8217;attualit\u00e0 internazionale, guardando all&#8217;Italia, all&#8217;Europa e agli altri continenti. Offre quotidianamente una scelta ragionata degli articoli delle maggiori testate straniere nella rassegna stampa in onda alle 6.50. E continua a parlare di mondo con i suoi protagonisti alle ore 11.30 mettendo a fuoco eventi, luoghi e storie.<\/p>\n<p>\nIn una recente puntata della trasmissione si \u00e8 parlato di radio in Tunisia con lo slogan <i>l\u2019ebbrezza di poter scegliere<\/i><\/p>\n<p><img decoding=\"async\" src=\"\/\/www.monitor-radiotv.it\/wp\/wp-content\/plugins\/rss-poster\/cache\/14bf6_tunisi2.jpg\" align=\"right\" \/>Un viaggio sonoro nella Tunisia del dopo Ben Al\u00ec. <\/p>\n<p>\nVenuto meno il ferreo  controllo delle autorit\u00e0 che monitoravano i suoni trasmessi da ogni singola radio il lavoro svolto dai media \u00e8 cambiato enormemente ed \u00e8 ancora al centro del dibattito pubblico. <\/p>\n<p>\nQuali sfide affrontano le radio nel tortuoso passaggio da organi di propaganda a strumenti di informazione? Qual \u00e8 l\u2019impatto esercitato dal fattore religioso sui media tunisini?<\/p>\n<p>\n<b>Emanuele Giordana<\/b> lo chiede  a <b>Francesco Diasio<\/b>, presidente di Amisnet e a <b>Andrea Borgnino<\/b>  giornalista ed esperto di radio.<\/p>\n<p>\n<b>Cliccare su ASCOLTA qui sotto<\/b><\/p>\n<p>\n<a href=\"http:\/\/www.radio.rai.it\/podcast\/A42439020.mp3\"><img decoding=\"async\" src=\"\/\/www.monitor-radiotv.it\/wp\/wp-content\/plugins\/rss-poster\/cache\/14bf6_tunisi3.jpg\" align=\"left\" \/><\/a>\n<\/p><\/p>\n","protected":false},"excerpt":{"rendered":"<p>Radio3Mondo racconta ogni mattina l&#8217;attualit\u00e0 internazionale, guardando all&#8217;Italia, all&#8217;Europa e agli altri continenti. Offre quotidianamente una scelta ragionata degli articoli delle maggiori testate straniere nella rassegna stampa in onda alle 6.50. E continua a parlare di mondo con i suoi protagonisti alle ore 11.30 mettendo a fuoco eventi, luoghi e&#8230;<\/p>\n","protected":false},"author":1,"featured_media":0,"comment_status":"open","ping_status":"open","sticky":false,"template":"","format":"standard","meta":{"om_disable_all_campaigns":false,"footnotes":""},"categories":[11],"tags":[],"class_list":["post-280","post","type-post","status-publish","format-standard","hentry","category-senza-categoria"],"_links":{"self":[{"href":"https:\/\/www.monitor-radiotv.it\/w\/wp-json\/wp\/v2\/posts\/280","targetHints":{"allow":["GET"]}}],"collection":[{"href":"https:\/\/www.monitor-radiotv.it\/w\/wp-json\/wp\/v2\/posts"}],"about":[{"href":"https:\/\/www.monitor-radiotv.it\/w\/wp-json\/wp\/v2\/types\/post"}],"author":[{"embeddable":true,"href":"https:\/\/www.monitor-radiotv.it\/w\/wp-json\/wp\/v2\/users\/1"}],"replies":[{"embeddable":true,"href":"https:\/\/www.monitor-radiotv.it\/w\/wp-json\/wp\/v2\/comments?post=280"}],"version-history":[{"count":1,"href":"https:\/\/www.monitor-radiotv.it\/w\/wp-json\/wp\/v2\/posts\/280\/revisions"}],"predecessor-version":[{"id":25814,"href":"https:\/\/www.monitor-radiotv.it\/w\/wp-json\/wp\/v2\/posts\/280\/revisions\/25814"}],"wp:attachment":[{"href":"https:\/\/www.monitor-radiotv.it\/w\/wp-json\/wp\/v2\/media?parent=280"}],"wp:term":[{"taxonomy":"category","embeddable":true,"href":"https:\/\/www.monitor-radiotv.it\/w\/wp-json\/wp\/v2\/categories?post=280"},{"taxonomy":"post_tag","embeddable":true,"href":"https:\/\/www.monitor-radiotv.it\/w\/wp-json\/wp\/v2\/tags?post=280"}],"curies":[{"name":"wp","href":"https:\/\/api.w.org\/{rel}","templated":true}]}}