{"id":284,"date":"2012-05-11T21:31:35","date_gmt":"2012-05-11T20:31:35","guid":{"rendered":"http:\/\/www.monitor-radiotv.it\/wp\/?p=284"},"modified":"2019-11-15T12:06:21","modified_gmt":"2019-11-15T11:06:21","slug":"mpeg-celebra-la-sua-influenza-nellevoluzione-dei-media-digitali","status":"publish","type":"post","link":"https:\/\/www.monitor-radiotv.it\/w\/mpeg-celebra-la-sua-influenza-nellevoluzione-dei-media-digitali\/","title":{"rendered":"MPEG celebra la sua influenza nell\u2019evoluzione dei media digitali"},"content":{"rendered":"<div id=\"fb-root\"><\/div>\n<p><img decoding=\"async\" src=\"\/\/www.monitor-radiotv.it\/wp\/wp-content\/plugins\/rss-poster\/cache\/ff1b8_mpeg1.jpg\" align=\"right\" \/>Si \u00e8 appena concluso il 100esimo Meeting del Moving Picture Experts Group (<a href=\"http:\/\/mpeg.chiariglione.org\" title=\"Mpeg\">MPEG<\/a>), che ha celebrato in questa occasione l\u2019importanza del suo ruolo nell\u2019evoluzione del mondo digitale da un\u2019epoca multimediale per pochi, a un\u2019epoca multimediale per tutti.<br \/><a href=\"http:\/\/mpeg.chiariglione.org\" title=\"Mpeg\">MPEG<\/a> \u00e8 un gruppo di lavoro incaricato dello sviluppo di standard internazionali per la compressione, decompressione, elaborazione e rappresentazione codificata di audio ed immagini in movimento, ed \u00e8 vincitore dell\u2019Emmy Award. Nei 25 anni di attivit\u00e0, ha sviluppato l\u2019MP3, l\u2019MPEG-2, l\u2019MPEG-4, e una serie di altri standard digitali che hanno arricchito il modo in cui gli esseri umani interagiscono con i media.<\/p>\n<p>I media digitali sono oggi parte integrante di miliardi di vite, rendendole pi\u00f9 interconnesse e sociali. Gli standard <a href=\"http:\/\/mpeg.chiariglione.org\" title=\"Mpeg\">MPEG<\/a> hanno facilitato la rivoluzione nel modo in cui i media vengono creati, distribuiti e consumati con ramificazioni profonde nel settore dell\u2019industria, nella societ\u00e0 e nella cultura umana.<\/p>\n<p>\n<img decoding=\"async\" src=\"\/\/www.monitor-radiotv.it\/wp\/wp-content\/plugins\/rss-poster\/cache\/7f9ec_mpeg2.jpg\" align=\"right\" \/>Nel suo 100esimo Meeting, <a href=\"http:\/\/mpeg.chiariglione.org\" title=\"Mpeg\">MPEG<\/a> ha rinnovato la ricetta vincente utilizzata dal comitato durante gli incontri: un forum attivo e collaborativo dove gli esperti del settore mettono a disposizione le proprie competenze tecnologiche per sviluppare nuovi standard internazionali, premiati dallo sviluppo di eccellenti tecnologie che estendono e migliorano il mondo dei digital media.<\/p>\n<p>\n<b>La serata di gala: <a href=\"http:\/\/mpeg.chiariglione.org\" title=\"Mpeg\">MPEG<\/a> 100 Event<\/b><\/p>\n<p>\n Il 2 maggio 2012 <a href=\"http:\/\/mpeg.chiariglione.org\" title=\"Mpeg\">MPEG<\/a> ha commemorato la pietra miliare di 100 incontri con una serata di gala, che ha visto riuniti i leader dalla International Organization for Standardization (ISO), dalla Commissione Elettrotecnica Internazionale (IEC), l&#8217;International Telecommunication Union (ITU), e la World Intellectual Property Organization (WIPO).<\/p>\n<p>\nTutti i presenti hanno onorato i 25 anni di collaborazione verso l\u2019obiettivo comune di accrescere e migliorare il mondo delle tecnologie multimediali.<\/p>\n<p>\nI relatori dell\u2019<a href=\"http:\/\/mpeg.chiariglione.org\" title=\"Mpeg\">MPEG<\/a> 100 Event sono stati: Leonardo <a href=\"http:\/\/www.chiariglione.org\" title=\"Chiariglione\">Chiariglione<\/a>, Presidente di <a href=\"http:\/\/mpeg.chiariglione.org\" title=\"Mpeg\">MPEG<\/a>, Rob Steele, segretario generale ISO, Kitzantides Frank, ex presidente del consiglio di amministrazione dello IEC, Malcolm Johnson, direttore della ITU, Francis Gurry, Direttore Generale della WIPO, Karen Higginbottom, presidente dell\u2019ISO \/ IEC Joint Technical Committee e Kohtaro Asai, presidente dell\u2019ISO \/ IEC JTC1\/Subcommittee 29.<\/p>\n<p>\nAltri ospiti illustri sono stati: Sim\u00e3o Campos Neto, Consigliere ITU-T, e Henry Cuschieri, Funzionario ISO.<\/p>\n<\/p>\n<h3><b>Temi e novit\u00e0 principali dell\u2019<a href=\"http:\/\/mpeg.chiariglione.org\" title=\"Mpeg\">MPEG<\/a> 100 Meeting<\/b><\/h3>\n<p><img decoding=\"async\" src=\"\/\/www.monitor-radiotv.it\/wp\/wp-content\/plugins\/rss-poster\/cache\/5ef65_mpeg3.jpg\" align=\"right\" \/><br \/><b><i>Il formato ARAF per la realt\u00e0 aumentata e lo standard HEVC per migliorare l\u2019efficenza dei flussi video.<\/i><\/b><br \/>\nDurante il 100esimo Meeting <a href=\"http:\/\/mpeg.chiariglione.org\" title=\"Mpeg\">MPEG<\/a>, si \u00e8 discusso a proposito del formato ARAF (Augmented Reality Application Format), un nuovo formato per la realt\u00e0 aumentata che migliorer\u00e0 la percezione delle scene interattive 2D\/3D, anche grazie ai sensori e attuatori integrati nel terminale di utilizzo.<br \/>\nIl formato \u00e8 stato promosso al Comitato di Progetto <a href=\"http:\/\/mpeg.chiariglione.org\" title=\"Mpeg\">MPEG<\/a>, ed \u00e8 gi\u00e0 stata redatta una relazione tecnica volta ad approfondirne gli scenari di utilizzo.<\/p>\n<p>\nLa seconda novit\u00e0 che emerge dal 100esimo Meeting <a href=\"http:\/\/mpeg.chiariglione.org\" title=\"Mpeg\">MPEG<\/a> \u00e8 uno standard per il video in grado di garantire una maggior efficienza dei flussi di trasmissione, una miglior robustezza agli errori e tempi di elaborazione minori rispetto a quelli attuali. Lo standard, chiamato HEVC (Video Coding High Efficiency), sar\u00e0 associato ai Sistemi MPEG-2 largamente usati per la trasmissione, e allo standard AVC, e consentir\u00e0 di migliorare l\u2019esperienza di fruizione video dal lato utente, offrendo risoluzione video e qualit\u00e0 dell\u2019immagine ottimale.<\/p>\n<p>\nHEVC sar\u00e0 utilizzato nella prossima generazione di schermi HDTV e sistemi di acquisizione dei contenuti. Lo stato finale del progetto \u00e8 previsto per l\u2019inizio 2013 e le specifiche per HEVC sono regolate per un utilizzo dello standard a livello internazionale.<\/p>\n<p>\n<b>Prossimi Step e link di approfondimento<\/b><\/p>\n<p>\n<a href=\"http:\/\/mpeg.chiariglione.org\" title=\"Mpeg\">MPEG<\/a> esplora nuove opportunit\u00e0 per soddisfare le esigenze del settore dei media digitali. Il gruppo si riunisce in media quattro volte l\u2019anno; i meeting comprendono le riunioni dei sottogruppi suddivisi in Requisiti, Sistemi, Video, Audio e Grafica 3D e le riunioni plenarie per la discussione collaborativa e di confronto. La partecipazione \u00e8 aperta a esperti accreditati da un apposito <a href=\"http:\/\/www.monitor-radiotv.com\/openxlink.shtml?http:\/\/www.iso.org\/iso\/about\/iso_members.htm\">Organismo di Standardizzazione Nazionale<\/a>. I meeting <a href=\"http:\/\/mpeg.chiariglione.org\" title=\"Mpeg\">MPEG<\/a> sono mediamente frequentati da oltre 300 esperti provenienti da circa 20 paesi, che rappresentano oltre 200 aziende dei settori audio digitale, video e multimediale. La prossima riunione si terr\u00e0 a Stoccolma, dal 16 al 20 luglio 2012. Sul sito <a href=\"http:\/\/mpeg.chiariglione.org\" title=\"Mpeg\">MPEG<\/a> sono riportate le date dei successivi meeting.<\/p>\n<p>\nPer seguire gli sviluppi <a href=\"http:\/\/mpeg.chiariglione.org\" title=\"Mpeg\">MPEG<\/a>, visita <a href=\"http:\/\/www.monitor-radiotv.com\/openxlink.shtml?http:\/\/mpeg.chiariglione.org\/hot_news.php\">questa pagina.<\/a><\/p>\n<p>\nGli esperti che hanno contribuito nel passato e nel presente, hanno redatto una serie di tutorial e documenti che spiegano la visione di ogni singolo standard prodotto. Il repository sta crescendo ad ogni incontro, potete approfondire il lavoro di <a href=\"http:\/\/mpeg.chiariglione.org\" title=\"Mpeg\">MPEG<\/a> a <a href=\"http:\/\/www.monitor-radiotv.com\/openxlink.shtml?http:\/\/mpeg.chiariglione.org\/technologies.php\">questo indirizzo<\/a>.<\/p>\n<p>\nAltri link<\/p>\n<p>\n<a href=\"http:\/\/www.monitor-radiotv.com\/openxlink.shtml?http:\/\/www.wipo.int\/portal\/index.html.en\">WIPO (organizzazione che aiuta a salvaguardare la propriet\u00e0 intellettuale)<\/a><\/p>\n<p>\n<a href=\"http:\/\/www.monitor-radiotv.com\/openxlink.shtml?http:\/\/www.iec.ch\">IEC (la commissione competente per lo sviluppo di standard per i dispositivi che incorporano le tecnologie MPEG)<\/a><\/p>\n<p>\n<a href=\"http:\/\/www.monitor-radiotv.com\/openxlink.shtml?http:\/\/www.iso.org\">ISO (organizzazione sotto cui opera MPEG<\/a><\/p>\n<hr \/>\n","protected":false},"excerpt":{"rendered":"<p>Si \u00e8 appena concluso il 100esimo Meeting del Moving Picture Experts Group (MPEG), che ha celebrato in questa occasione l\u2019importanza del suo ruolo nell\u2019evoluzione del mondo digitale da un\u2019epoca multimediale per pochi, a un\u2019epoca multimediale per tutti.MPEG \u00e8 un gruppo di lavoro incaricato dello sviluppo di standard internazionali per la&#8230;<\/p>\n","protected":false},"author":1,"featured_media":0,"comment_status":"open","ping_status":"open","sticky":false,"template":"","format":"standard","meta":{"om_disable_all_campaigns":false,"footnotes":""},"categories":[11],"tags":[],"class_list":["post-284","post","type-post","status-publish","format-standard","hentry","category-senza-categoria"],"_links":{"self":[{"href":"https:\/\/www.monitor-radiotv.it\/w\/wp-json\/wp\/v2\/posts\/284","targetHints":{"allow":["GET"]}}],"collection":[{"href":"https:\/\/www.monitor-radiotv.it\/w\/wp-json\/wp\/v2\/posts"}],"about":[{"href":"https:\/\/www.monitor-radiotv.it\/w\/wp-json\/wp\/v2\/types\/post"}],"author":[{"embeddable":true,"href":"https:\/\/www.monitor-radiotv.it\/w\/wp-json\/wp\/v2\/users\/1"}],"replies":[{"embeddable":true,"href":"https:\/\/www.monitor-radiotv.it\/w\/wp-json\/wp\/v2\/comments?post=284"}],"version-history":[{"count":1,"href":"https:\/\/www.monitor-radiotv.it\/w\/wp-json\/wp\/v2\/posts\/284\/revisions"}],"predecessor-version":[{"id":25688,"href":"https:\/\/www.monitor-radiotv.it\/w\/wp-json\/wp\/v2\/posts\/284\/revisions\/25688"}],"wp:attachment":[{"href":"https:\/\/www.monitor-radiotv.it\/w\/wp-json\/wp\/v2\/media?parent=284"}],"wp:term":[{"taxonomy":"category","embeddable":true,"href":"https:\/\/www.monitor-radiotv.it\/w\/wp-json\/wp\/v2\/categories?post=284"},{"taxonomy":"post_tag","embeddable":true,"href":"https:\/\/www.monitor-radiotv.it\/w\/wp-json\/wp\/v2\/tags?post=284"}],"curies":[{"name":"wp","href":"https:\/\/api.w.org\/{rel}","templated":true}]}}