{"id":292,"date":"2012-05-23T09:13:04","date_gmt":"2012-05-23T08:13:04","guid":{"rendered":"http:\/\/www.monitor-radiotv.it\/wp\/?p=292"},"modified":"2019-11-15T12:26:58","modified_gmt":"2019-11-15T11:26:58","slug":"conclusa-la-prima-giornata-del-radiotvforum-organizzato-dall-aeranti-corallo","status":"publish","type":"post","link":"https:\/\/www.monitor-radiotv.it\/w\/conclusa-la-prima-giornata-del-radiotvforum-organizzato-dall-aeranti-corallo\/","title":{"rendered":"Conclusa la prima giornata del RadioTvForum organizzato dall&#8217; AERANTI-CORALLO"},"content":{"rendered":"<div id=\"fb-root\"><\/div>\n<p><img decoding=\"async\" src=\"\/\/www.monitor-radiotv.it\/wp\/wp-content\/plugins\/rss-poster\/cache\/1b810_rtvf1.jpg\" align=\"right\" \/>Con la relazione del presidente di AERANTI <b>Marco Rossignoli<\/b> si \u00e8 aperto a Roma il convegno dell&#8217;associazione AERANTI-CORALLO, l&#8217;ormai tradizionale appuntamento annuale che richiama all&#8217; Hotel Mel\u00eca della capitale i rappresentanti delle emittenti radio e tv di tutta Italia che si confrontano sui temi di attualit\u00e0 del comparto e, allo stesso tempo, approfondiscono la conoscenza delle novit\u00e0 dell\u2019industria e dei servizi per l\u2019attivit\u00e0 delle imprese radiotelevisive.<br \/>\nLungo e articolato il <i>cahier de dol\u00e9ances<\/i> illustrato da Rossignoli nel suo intervento che vi proponiamo in video nella pagina che segue.<\/p>\n<p><img decoding=\"async\" src=\"\/\/www.monitor-radiotv.it\/wp\/wp-content\/plugins\/rss-poster\/cache\/1451f_rtvf2.jpg\" align=\"right\" \/><i>Sono molti i fattori che rischiano di causare un drastico ridimensionamento dell\u2019emittenza locale.<\/i> &#8212; ha affermato <b>Marco Rossignoli<\/b> &#8212; <i>&#8230;dalla mancanza di iniziative, a livello governativo, per la ripresa del mercato pubblicitario; alle difficolt\u00e0 per le emittenti di reperire i mezzi finanziari per realizzare gli investimenti in tecnologia e in contenuti, necessari per affrontare adeguatamente i futuri scenari digitali. &#8230;il continuo cambiamento delle regole del processo di digitalizzazione, che genera una situazione di incertezza permanente, impedendo programmazioni e scelte aziendali a medio e lungo termine. &#8230;.l\u2019eccessiva e ingiustificata burocrazia cui \u00e8 sottoposta l\u2019emittenza locale, mentre sarebbero, invece, opportuni forti interventi di semplificazione e di liberalizzazione.<\/i><br \/><i>Aeranti-Corallo ritiene necessario <\/i> &#8212; ha concluso Rossignoli &#8212; <i> che i futuri scenari televisivi e radiofonici, debbano articolarsi attraverso un percorso che garantisca all\u2019emittenza locale di poter effettivamente competere nel mercato.<br \/>\nSpesso si \u00e8 affermato che il nostro sistema radiotelevisivo sia anomalo poich\u00e9 nello stesso operano molte emittenti locali.<br \/>\nIn realt\u00e0, ci\u00f2 che \u00e8 stata definita una anomalia, rappresenta invece un importante valore che deve essere mantenuto e garantito.<br \/>\nPer questo Aeranti-Corallo continuer\u00e0 a battersi, ad ogni livello, per tutelare gli spazi e il ruolo dell\u2019emittenza locale e con essi il pluralismo dell\u2019informazione nel nostro Paese.<\/p>\n<hr \/>\n<p><\/i><\/p><\/p>\n","protected":false},"excerpt":{"rendered":"<p>Con la relazione del presidente di AERANTI Marco Rossignoli si \u00e8 aperto a Roma il convegno dell&#8217;associazione AERANTI-CORALLO, l&#8217;ormai tradizionale appuntamento annuale che richiama all&#8217; Hotel Mel\u00eca della capitale i rappresentanti delle emittenti radio e tv di tutta Italia che si confrontano sui temi di attualit\u00e0 del comparto e, allo&#8230;<\/p>\n","protected":false},"author":1,"featured_media":0,"comment_status":"open","ping_status":"open","sticky":false,"template":"","format":"standard","meta":{"om_disable_all_campaigns":false,"footnotes":""},"categories":[11],"tags":[],"class_list":["post-292","post","type-post","status-publish","format-standard","hentry","category-senza-categoria"],"_links":{"self":[{"href":"https:\/\/www.monitor-radiotv.it\/w\/wp-json\/wp\/v2\/posts\/292","targetHints":{"allow":["GET"]}}],"collection":[{"href":"https:\/\/www.monitor-radiotv.it\/w\/wp-json\/wp\/v2\/posts"}],"about":[{"href":"https:\/\/www.monitor-radiotv.it\/w\/wp-json\/wp\/v2\/types\/post"}],"author":[{"embeddable":true,"href":"https:\/\/www.monitor-radiotv.it\/w\/wp-json\/wp\/v2\/users\/1"}],"replies":[{"embeddable":true,"href":"https:\/\/www.monitor-radiotv.it\/w\/wp-json\/wp\/v2\/comments?post=292"}],"version-history":[{"count":1,"href":"https:\/\/www.monitor-radiotv.it\/w\/wp-json\/wp\/v2\/posts\/292\/revisions"}],"predecessor-version":[{"id":25820,"href":"https:\/\/www.monitor-radiotv.it\/w\/wp-json\/wp\/v2\/posts\/292\/revisions\/25820"}],"wp:attachment":[{"href":"https:\/\/www.monitor-radiotv.it\/w\/wp-json\/wp\/v2\/media?parent=292"}],"wp:term":[{"taxonomy":"category","embeddable":true,"href":"https:\/\/www.monitor-radiotv.it\/w\/wp-json\/wp\/v2\/categories?post=292"},{"taxonomy":"post_tag","embeddable":true,"href":"https:\/\/www.monitor-radiotv.it\/w\/wp-json\/wp\/v2\/tags?post=292"}],"curies":[{"name":"wp","href":"https:\/\/api.w.org\/{rel}","templated":true}]}}