{"id":293,"date":"2012-05-25T20:17:54","date_gmt":"2012-05-25T19:17:54","guid":{"rendered":"http:\/\/www.monitor-radiotv.it\/wp\/?p=293"},"modified":"2019-11-15T12:27:03","modified_gmt":"2019-11-15T11:27:03","slug":"espansione-tv-sul-satellite-ses-con-holiday-canale-dedicato-al-territorio","status":"publish","type":"post","link":"https:\/\/www.monitor-radiotv.it\/w\/espansione-tv-sul-satellite-ses-con-holiday-canale-dedicato-al-territorio\/","title":{"rendered":"Espansione Tv sul satellite SES con HOLIDAY, canale dedicato al territorio"},"content":{"rendered":"<div id=\"fb-root\"><\/div>\n<p><img decoding=\"async\" src=\"\/\/www.monitor-radiotv.it\/wp\/wp-content\/plugins\/rss-poster\/cache\/b0d0e_espansione1.jpg\" align=\"right\" \/>SES ha annunciato che il canale digitale <a href=\"http:\/\/www.monitor-radiotv.com\/openxlink.shtml?http:\/\/www.holidaycomo.it\">Holiday<\/a>, dedicato alla promozione turistica del territorio lariano e che fa parte del gruppo <a href=\"http:\/\/www.monitor-radiotv.com\/openxlink.shtml?http:\/\/www.espansionetv.it\">Espansione Tv<\/a>, sar\u00e0 visibile in Italia e in Europa attraverso il satellite di SES, posizionato a 19.2\u00b0 Est.<br \/>\nGrazie all\u2019accordo siglato con l\u2019operatore SES, uno dei principali operatori satellitari mondiali e proprietario del sistema satellitare ASTRA, il segnale di Holiday arriver\u00e0 nelle case di 2,3 milioni di Italiani e di poco meno di 100 milioni di Europei.<\/p>\n<p><img decoding=\"async\" src=\"\/\/www.monitor-radiotv.it\/wp\/wp-content\/plugins\/rss-poster\/cache\/805f1_espansione2.jpg\" align=\"right\" \/><br \/>\nHoliday trasmette a ciclo continuo documentari sulle bellezze del Lario. Il progetto, condiviso con Camera di Commercio di Como e con le amministrazioni provinciali di Como e Lecco, rientra nella strategia dell\u2019amministrazione di incentivare la promozione di tutta la Lombardia e il turismo italiano, nel complesso.<\/p>\n<p>\nOra, infatti, grazie a SES, per 24 ore al giorno e in 3 lingue (italiano, inglese e tedesco) il 26% di tutte le case italiane raggiunte dal satellite che hanno puntato le proprie parabole verso la posizione 19.2\u00b0 Est di SES e un buon numero di Europei potranno conoscere ed ammirare scorci e luoghi ameni della zona del Lago di Como.<\/p>\n<p>\nIl presidente del gruppo, <b>Maurizio Giunco<\/b>, ha dichiarato: <i>\u201cSiamo particolarmente orgogliosi di contribuire in modo concreto alla conoscenza e alla promozione di uno dei territori pi\u00f9 belli al mondo. La piattaforma satellitare di SES \u00e8 per Holiday uno strumento vincente: la possibilit\u00e0 di rendere fruibili in Italia e all\u2019estero i contenuti di Holiday su 19.2\u00b0 Est di SES, primo satellite europeo, consentir\u00e0 di diffondere la conoscenza di Como presso milioni di potenziali turisti.\u201d<\/i><\/p>\n<p>\nPer <b>Alessandro Bernasconi<\/b>, CEO di Holiday <i>\u201cIl canale rappresenta una straordinaria opportunit\u00e0 di crescita e rilancio di tutto il settore del turismo e del terziario. Grazie a questa vetrina tecnologica internazionale di primissimo piano, le bellezze del nostro territorio entreranno nelle case di milioni di telespettatori con immagini spettacolari realizzate in alta definizione\u201d.<\/i><\/p>\n<p>\n<i>\u201cNel 2011, le case TV servite da ASTRA sono state pari a 2,3 milioni in Italia. Tali cifre evidenziano i vantaggi offerti dal satellite per la distribuzione di contenuti di elevata qualit\u00e0 ad una audience ampia ed eterogenea. Siamo entusiasti dell\u2019accordo che SES Italia ha siglato con il gruppo Espansione TV: un altro importante passo avanti nella nostra strategia di sviluppo nel Paese, che evidenzia la nostra capacit\u00e0 di supportare e saper evolvere insieme ai nostri clienti e partner,\u201d <\/i>commenta <b>Pietro Guerrieri<\/b>, General Manager di SES Italia.<\/p>\n<hr \/>\n<p><\/p>\n","protected":false},"excerpt":{"rendered":"<p>SES ha annunciato che il canale digitale Holiday, dedicato alla promozione turistica del territorio lariano e che fa parte del gruppo Espansione Tv, sar\u00e0 visibile in Italia e in Europa attraverso il satellite di SES, posizionato a 19.2\u00b0 Est. Grazie all\u2019accordo siglato con l\u2019operatore SES, uno dei principali operatori satellitari&#8230;<\/p>\n","protected":false},"author":1,"featured_media":0,"comment_status":"open","ping_status":"open","sticky":false,"template":"","format":"standard","meta":{"om_disable_all_campaigns":false,"footnotes":""},"categories":[11],"tags":[],"class_list":["post-293","post","type-post","status-publish","format-standard","hentry","category-senza-categoria"],"_links":{"self":[{"href":"https:\/\/www.monitor-radiotv.it\/w\/wp-json\/wp\/v2\/posts\/293","targetHints":{"allow":["GET"]}}],"collection":[{"href":"https:\/\/www.monitor-radiotv.it\/w\/wp-json\/wp\/v2\/posts"}],"about":[{"href":"https:\/\/www.monitor-radiotv.it\/w\/wp-json\/wp\/v2\/types\/post"}],"author":[{"embeddable":true,"href":"https:\/\/www.monitor-radiotv.it\/w\/wp-json\/wp\/v2\/users\/1"}],"replies":[{"embeddable":true,"href":"https:\/\/www.monitor-radiotv.it\/w\/wp-json\/wp\/v2\/comments?post=293"}],"version-history":[{"count":1,"href":"https:\/\/www.monitor-radiotv.it\/w\/wp-json\/wp\/v2\/posts\/293\/revisions"}],"predecessor-version":[{"id":25821,"href":"https:\/\/www.monitor-radiotv.it\/w\/wp-json\/wp\/v2\/posts\/293\/revisions\/25821"}],"wp:attachment":[{"href":"https:\/\/www.monitor-radiotv.it\/w\/wp-json\/wp\/v2\/media?parent=293"}],"wp:term":[{"taxonomy":"category","embeddable":true,"href":"https:\/\/www.monitor-radiotv.it\/w\/wp-json\/wp\/v2\/categories?post=293"},{"taxonomy":"post_tag","embeddable":true,"href":"https:\/\/www.monitor-radiotv.it\/w\/wp-json\/wp\/v2\/tags?post=293"}],"curies":[{"name":"wp","href":"https:\/\/api.w.org\/{rel}","templated":true}]}}