{"id":2971,"date":"2012-02-17T16:21:04","date_gmt":"2012-02-17T15:21:04","guid":{"rendered":"http:\/\/www.monitor-radiotv.it\/wp\/?p=199"},"modified":"2019-11-15T12:04:03","modified_gmt":"2019-11-15T11:04:03","slug":"i-video-delle-scuole-in-concorso-a-pordenone","status":"publish","type":"post","link":"https:\/\/www.monitor-radiotv.it\/w\/i-video-delle-scuole-in-concorso-a-pordenone\/","title":{"rendered":"I video delle scuole in concorso a Pordenone"},"content":{"rendered":"<div id=\"fb-root\"><\/div>\n<p><img decoding=\"async\" src=\"\/\/www.monitor-radiotv.it\/wp\/wp-content\/plugins\/rss-poster\/cache\/ae03a_scuola.jpg\" align=\"right\" \/><a href=\"http:\/\/www.monitor-radiotv.com\/openxlink.shtml?http:\/\/www.videocinemaescuola.it\/\">VideoCinema  Scuola <\/a>\u00e8 il concorso internazionale di multimedialit\u00e0 che da ventotto anni \u00e8 bandito dal Centro Iniziative Culturali Pordenone.<br \/>\n\u00c8 un\u2019occasione d\u2019incontro e confronto per la migliore produzione di cortometraggi, spot e videoclip creati all\u2019interno delle scuole italiane di ogni ordine e grado, dalle scuole per l\u2019infanzia alle Accademie e Universit\u00e0. Il concorso \u00e8 aperto alla partecipazione anche di scuole straniere.  <b>C\u2019\u00e8 tempo fino al 17 marzo 2012 per inviare la propria opera.<\/b><br \/>\nDall&#8217;uso della diapositiva, fino alle moderne tecnologie multimediali, in tutti questi anni si son fatti pi\u00f9 vivi gli sguardi sull\u2019oggi e sul tempo che scorre; testimonianze di personaggi tra presente e passato; giovani sorpresi di fronte alla poesia di una installazione d\u2019arte; richiami forti a ripensare citt\u00e0 ingolfate dal traffico e a trovare forme concrete di impegno per l\u2019ambiente.<br \/>\nLo spirito del Concorso \u00e8 promuovere e riconoscere creativit\u00e0, pure attraverso i mezzi tecnologici sempre pi\u00f9 avanzati. Un potenziale che non \u00e8 ancora adeguatamente sfruttato nelle nostre scuole.<\/p>\n<p>Vi sono premi speciali per il migliore abbinamento musica-immagini, per la recitazione, per la storia di un territorio, sulle aspirazioni dei giovani o sul volontariato ed altri ancora. <br \/>\nGli studenti di Scuole e Universit\u00e0 italiane ed europee sono invitati a presentare lavori realizzati negli ultimi due anni (2010\/2011-2011\/2012), utilizzando i diversi linguaggi multimediali. Durata massima 15 minuti.<br \/>\nC\u2019\u00e8 tempo fino al 17 marzo 2012 per inviare la propria opera.<br \/>\nPer conoscere i dettagli del bando di concorso collegarsi al sito <a href=\"http:\/\/www.monitor-radiotv.com\/openxlink.shtml?http:\/\/www.videocinemaescuola.it\/\">www.videocinemaescuola.it<\/a><\/p>\n<hr \/><\/p>\n","protected":false},"excerpt":{"rendered":"<p>VideoCinema Scuola \u00e8 il concorso internazionale di multimedialit\u00e0 che da ventotto anni \u00e8 bandito dal Centro Iniziative Culturali Pordenone. \u00c8 un\u2019occasione d\u2019incontro e confronto per la migliore produzione di cortometraggi, spot e videoclip creati all\u2019interno delle scuole italiane di ogni ordine e grado, dalle scuole per l\u2019infanzia alle Accademie e&#8230;<\/p>\n","protected":false},"author":1,"featured_media":0,"comment_status":"open","ping_status":"open","sticky":false,"template":"","format":"standard","meta":{"om_disable_all_campaigns":false,"footnotes":""},"categories":[11],"tags":[],"class_list":["post-2971","post","type-post","status-publish","format-standard","hentry","category-senza-categoria"],"_links":{"self":[{"href":"https:\/\/www.monitor-radiotv.it\/w\/wp-json\/wp\/v2\/posts\/2971","targetHints":{"allow":["GET"]}}],"collection":[{"href":"https:\/\/www.monitor-radiotv.it\/w\/wp-json\/wp\/v2\/posts"}],"about":[{"href":"https:\/\/www.monitor-radiotv.it\/w\/wp-json\/wp\/v2\/types\/post"}],"author":[{"embeddable":true,"href":"https:\/\/www.monitor-radiotv.it\/w\/wp-json\/wp\/v2\/users\/1"}],"replies":[{"embeddable":true,"href":"https:\/\/www.monitor-radiotv.it\/w\/wp-json\/wp\/v2\/comments?post=2971"}],"version-history":[{"count":1,"href":"https:\/\/www.monitor-radiotv.it\/w\/wp-json\/wp\/v2\/posts\/2971\/revisions"}],"predecessor-version":[{"id":25665,"href":"https:\/\/www.monitor-radiotv.it\/w\/wp-json\/wp\/v2\/posts\/2971\/revisions\/25665"}],"wp:attachment":[{"href":"https:\/\/www.monitor-radiotv.it\/w\/wp-json\/wp\/v2\/media?parent=2971"}],"wp:term":[{"taxonomy":"category","embeddable":true,"href":"https:\/\/www.monitor-radiotv.it\/w\/wp-json\/wp\/v2\/categories?post=2971"},{"taxonomy":"post_tag","embeddable":true,"href":"https:\/\/www.monitor-radiotv.it\/w\/wp-json\/wp\/v2\/tags?post=2971"}],"curies":[{"name":"wp","href":"https:\/\/api.w.org\/{rel}","templated":true}]}}