{"id":2979,"date":"2012-07-05T17:03:47","date_gmt":"2012-07-05T16:03:47","guid":{"rendered":"http:\/\/www.monitor-radiotv.it\/wp\/?p=328"},"modified":"2019-11-15T12:08:36","modified_gmt":"2019-11-15T11:08:36","slug":"avid-si-concentra-sul-professionale","status":"publish","type":"post","link":"https:\/\/www.monitor-radiotv.it\/w\/avid-si-concentra-sul-professionale\/","title":{"rendered":"Avid si concentra sul professionale"},"content":{"rendered":"<div id=\"fb-root\"><\/div>\n<p><img decoding=\"async\" src=\"\/\/www.monitor-radiotv.it\/wp\/wp-content\/plugins\/rss-poster\/cache\/1bd89_avid1.jpg\" align=\"right\" \/><b>Con la cessione delle attivit\u00e0 legate al settore consumer, Avid ritorna a focalizzare la propria attivit\u00e0 nel settore professionale e del broadcast<\/b><br \/>\n\u00c8 durato solo qualche anno il tentativo di Avid di ritagliarsi uno spazio nel settore consumer, iniziato con l\u2019acquisizione di M-Audio nel 2004 e seguito l\u2019anno successivo con quella di <a href=\"http:\/\/www.monitor-radiotv.com\/phoenix\/html\/modules.php?op=modloadname=Web_Linksfile=indexreq=visitlid=118\" title=\"Pinnacle\">Pinnacle<\/a>. Sul fatturato globale di Avid, il settore consumer ha pesato nell\u2019ultimo anno per poco meno del 15%. <\/p>\n<p><img decoding=\"async\" src=\"\/\/www.monitor-radiotv.it\/wp\/wp-content\/plugins\/rss-poster\/cache\/009b9_avid2.jpg\" align=\"right\" \/><i>\u201cI cambiamenti che stiamo annunciando oggi rendono Avid un\u2019azienda pi\u00f9 focalizzata e snella\u201d<\/i> ha dichiarato Gary Greenfield, CEO di Avid. <i>\u201cOttimizzando e semplificando le nostre attivit\u00e0, ci aspettiamo di migliorare le nostre performance finanziare e di soddisfare meglio la nostra clientela professionale. Il nostro obiettivo resta quello di fornire a questi clienti le soluzioni innovative che gli consentano di creare i contenuti pi\u00f9 ascoltati, pi\u00f9 visti e pi\u00f9 apprezzati al mondo.\u201d<\/i><\/p>\n<p>\nI prodotti audio consumer, in particolare la linea M-Audio, sono stati acquistati da InMusic, azienda che gi\u00e0 controlla Akai Professional, Alesis e Numark. Avid continuer\u00e0 comunque a sviluppare il software e l\u2019hardware ProTools, cos\u00ec come i dispositivi di I\/O Mbox e Fast Track. Corel Corporation, software house canadese specializzata nel settore grafico, \u00e8 l\u2019acquirente dei software <a href=\"http:\/\/www.monitor-radiotv.com\/phoenix\/html\/modules.php?op=modloadname=Web_Linksfile=indexreq=visitlid=118\" title=\"Pinnacle\">Pinnacle<\/a> Studio e Avid Studio, nonch\u00e8 dei dispositivi consumer per la cattura del video. Come conseguenza della cessione delle attivit\u00e0 nel settore consumer, Avid prevede un taglio del proprio personale di circa il 20% che solo in parte sar\u00e0 riassorbito dalle due aziende acquirenti. <\/p>\n<p>\n<a href=\"http:\/\/www.monitor-radiotv.com\/openxlink.shtml?http:\/\/www.avid.com\/US\/press-room\/Avid-Divests-Consumer-Businesses-and-Streamlines-Operations\">Il comunicato ufficiale (in inglese).<\/a>\n<\/p><\/p>\n","protected":false},"excerpt":{"rendered":"<p>Con la cessione delle attivit\u00e0 legate al settore consumer, Avid ritorna a focalizzare la propria attivit\u00e0 nel settore professionale e del broadcast \u00c8 durato solo qualche anno il tentativo di Avid di ritagliarsi uno spazio nel settore consumer, iniziato con l\u2019acquisizione di M-Audio nel 2004 e seguito l\u2019anno successivo con&#8230;<\/p>\n","protected":false},"author":1,"featured_media":0,"comment_status":"open","ping_status":"open","sticky":false,"template":"","format":"standard","meta":{"om_disable_all_campaigns":false,"footnotes":""},"categories":[11],"tags":[],"class_list":["post-2979","post","type-post","status-publish","format-standard","hentry","category-senza-categoria"],"_links":{"self":[{"href":"https:\/\/www.monitor-radiotv.it\/w\/wp-json\/wp\/v2\/posts\/2979","targetHints":{"allow":["GET"]}}],"collection":[{"href":"https:\/\/www.monitor-radiotv.it\/w\/wp-json\/wp\/v2\/posts"}],"about":[{"href":"https:\/\/www.monitor-radiotv.it\/w\/wp-json\/wp\/v2\/types\/post"}],"author":[{"embeddable":true,"href":"https:\/\/www.monitor-radiotv.it\/w\/wp-json\/wp\/v2\/users\/1"}],"replies":[{"embeddable":true,"href":"https:\/\/www.monitor-radiotv.it\/w\/wp-json\/wp\/v2\/comments?post=2979"}],"version-history":[{"count":1,"href":"https:\/\/www.monitor-radiotv.it\/w\/wp-json\/wp\/v2\/posts\/2979\/revisions"}],"predecessor-version":[{"id":25706,"href":"https:\/\/www.monitor-radiotv.it\/w\/wp-json\/wp\/v2\/posts\/2979\/revisions\/25706"}],"wp:attachment":[{"href":"https:\/\/www.monitor-radiotv.it\/w\/wp-json\/wp\/v2\/media?parent=2979"}],"wp:term":[{"taxonomy":"category","embeddable":true,"href":"https:\/\/www.monitor-radiotv.it\/w\/wp-json\/wp\/v2\/categories?post=2979"},{"taxonomy":"post_tag","embeddable":true,"href":"https:\/\/www.monitor-radiotv.it\/w\/wp-json\/wp\/v2\/tags?post=2979"}],"curies":[{"name":"wp","href":"https:\/\/api.w.org\/{rel}","templated":true}]}}