{"id":298,"date":"2012-06-01T18:27:44","date_gmt":"2012-06-01T17:27:44","guid":{"rendered":"http:\/\/www.monitor-radiotv.it\/wp\/?p=298"},"modified":"2019-11-15T12:27:19","modified_gmt":"2019-11-15T11:27:19","slug":"associated-press-integra-fotolia-nella-sua-offerta-globale","status":"publish","type":"post","link":"https:\/\/www.monitor-radiotv.it\/w\/associated-press-integra-fotolia-nella-sua-offerta-globale\/","title":{"rendered":"Associated Press integra Fotolia nella sua offerta globale"},"content":{"rendered":"<div id=\"fb-root\"><\/div>\n<p><img decoding=\"async\" src=\"\/\/www.monitor-radiotv.it\/wp\/wp-content\/plugins\/rss-poster\/cache\/89e9f_ap1.jpg\" align=\"right\" \/>Associated Press e Fotolia, tra le societ\u00e0 leader nel mondo per immagini microstock,  hann annunciato una collaborazione che dar\u00e0 all\u2019utenza professionale di AP accesso a milioni di immagini royalty-free.<br \/>\nI client di AP Images potranno acquisire direttamente da APImages.com sia immagini editoriali, con licenze Rights managed, e immagini in licenza Royalty free anche dalla immensa collezione Fotolia. AP riconferma cos\u00ec la propria posizione leader di emporio one-stop-shop per tutte le esigenze.<\/p>\n<p><img decoding=\"async\" src=\"\/\/www.monitor-radiotv.it\/wp\/wp-content\/plugins\/rss-poster\/cache\/89e9f_ap3.jpg\" align=\"right\" \/><i>\u201cCon l\u2019integrazione di un archivio di immagini microstock di elevata qualit\u00e0 come Fotolia, AP espande l\u2019offerta con un\u2019 ampia gamma di immagini, che spazia dai contenuti editoriali a quelli commerciali\u201d,<\/i> dichiara <b>Fernando Ferre,<\/b> Vice Presidente di AP Images.<i> \u201cQuesta alleanza soddisfa una precisa richiesta da parte dei nostri clienti, e d\u00e0 loro accesso ad una grande risorsa di contenuti  creativi affiancata all\u2019offerta di risorse editoriali  per cui siamo leader nel settore e ad altri contenuti di nostri partner, sia in Royalty free che in Rights managed.\u201d<\/i><\/p>\n<p>\nSu <a href=\"http:\/\/www.monitor-radiotv.com\/openxlink.shtml?http:\/\/www.apimages.com\">APImages.com<\/a>, AP offrir\u00e0 abbonamenti mensili MicrostockRF a clienti nuovi ed esistenti, con pacchetti da 50 a 5000 immagini\/mese.  MicrostockRF sar\u00e0 disponibile globalmente ai clienti AP in tutti i Paesi, in aggiunta ai prodotti  AP.<\/p>\n<p>\n<i>&#8220;Siamo entusiasti di essere parte di un&#8217;altra novit\u00e0 assoluta del settore, aprendo le porte di un nuovo mercato per gli oltre 126.000 Autori che collaborano con noi &#8220;<\/i>, afferma <b>Oleg Tscheltzoff<\/b>, Co-Fondatore e CEO di Fotolia. <i>&#8220;Siamo convinti che questo sia il primo passo di una alleanza strategica che permetter\u00e0 ad entrambe le societ\u00e0 di proseguire il percorso sulla strada dell\u2019 innovazione e di crescere ulteriormente,  a beneficio della nostra utenza globale.&#8221;<\/i><br \/><img decoding=\"async\" src=\"\/\/www.monitor-radiotv.it\/wp\/wp-content\/plugins\/rss-poster\/cache\/8b5f7_ap2.jpg\" align=\"right\" \/><\/p>\n<p>\nThe Associated Press \u00e8 il network fondamentale di informazione globale per la consegna veloce ed imparziale di notizie da ogni angolo del mondo su tutte le piattaforme ed i formati media.  Fondata nel 1846, AP \u00e8 oggi la oggi la fonte pi\u00f9 grande e pi\u00f9 affidabile di notizie e informazioni indipendenti . Ogni giorno, pi\u00f9 della met\u00e0 della popolazione mondiale vede notizie da AP. Sul web: www.ap.org.<\/p>\n<p>\n<a href=\"http:\/\/www.monitor-radiotv.com\/openxlink.shtml?http:\/\/www.fotolia.it\">Fotolia<\/a> e&#8217; la banca immagini leader in Europa nel mercato microstock. Tre milioni di professionisti nel mondo scelgono ogni giorno Fotolia per le loro esigenze di comunicazione. Fotolia rende disponibile un database di 17 milioni di immagini, vettoriali e video da scaricare in alta risoluzione con licenza Royalty Free, per uso professionale e a prezzi imbattibili (a partire da 0,75 euro per immagini singole e da soli 0,15 euro in abbonamento).<br \/>\nCon l\u2019introduzione della Infinite Collection, Fotolia e&#8217; stata la prima agenzia di immagini microstock a proporre insieme collezioni di artisti indipendenti e di note agenzie internazionali. Fondata a New York nel 2004, Fotolia \u00e8 presente in 15 Paesi e comunica in 12 lingue.\n<\/p><\/p>\n","protected":false},"excerpt":{"rendered":"<p>Associated Press e Fotolia, tra le societ\u00e0 leader nel mondo per immagini microstock, hann annunciato una collaborazione che dar\u00e0 all\u2019utenza professionale di AP accesso a milioni di immagini royalty-free. I client di AP Images potranno acquisire direttamente da APImages.com sia immagini editoriali, con licenze Rights managed, e immagini in licenza&#8230;<\/p>\n","protected":false},"author":1,"featured_media":0,"comment_status":"open","ping_status":"open","sticky":false,"template":"","format":"standard","meta":{"om_disable_all_campaigns":false,"footnotes":""},"categories":[11],"tags":[],"class_list":["post-298","post","type-post","status-publish","format-standard","hentry","category-senza-categoria"],"_links":{"self":[{"href":"https:\/\/www.monitor-radiotv.it\/w\/wp-json\/wp\/v2\/posts\/298","targetHints":{"allow":["GET"]}}],"collection":[{"href":"https:\/\/www.monitor-radiotv.it\/w\/wp-json\/wp\/v2\/posts"}],"about":[{"href":"https:\/\/www.monitor-radiotv.it\/w\/wp-json\/wp\/v2\/types\/post"}],"author":[{"embeddable":true,"href":"https:\/\/www.monitor-radiotv.it\/w\/wp-json\/wp\/v2\/users\/1"}],"replies":[{"embeddable":true,"href":"https:\/\/www.monitor-radiotv.it\/w\/wp-json\/wp\/v2\/comments?post=298"}],"version-history":[{"count":1,"href":"https:\/\/www.monitor-radiotv.it\/w\/wp-json\/wp\/v2\/posts\/298\/revisions"}],"predecessor-version":[{"id":25824,"href":"https:\/\/www.monitor-radiotv.it\/w\/wp-json\/wp\/v2\/posts\/298\/revisions\/25824"}],"wp:attachment":[{"href":"https:\/\/www.monitor-radiotv.it\/w\/wp-json\/wp\/v2\/media?parent=298"}],"wp:term":[{"taxonomy":"category","embeddable":true,"href":"https:\/\/www.monitor-radiotv.it\/w\/wp-json\/wp\/v2\/categories?post=298"},{"taxonomy":"post_tag","embeddable":true,"href":"https:\/\/www.monitor-radiotv.it\/w\/wp-json\/wp\/v2\/tags?post=298"}],"curies":[{"name":"wp","href":"https:\/\/api.w.org\/{rel}","templated":true}]}}