{"id":314,"date":"2012-06-15T14:36:57","date_gmt":"2012-06-15T13:36:57","guid":{"rendered":"http:\/\/www.monitor-radiotv.it\/wp\/?p=314"},"modified":"2019-11-15T12:06:48","modified_gmt":"2019-11-15T11:06:48","slug":"radio-vaticana-da-onde-corte-a-nuove-strategie-di-comunicazione","status":"publish","type":"post","link":"https:\/\/www.monitor-radiotv.it\/w\/radio-vaticana-da-onde-corte-a-nuove-strategie-di-comunicazione\/","title":{"rendered":"Radio Vaticana: da onde corte a nuove strategie di comunicazione"},"content":{"rendered":"<div id=\"fb-root\"><\/div>\n<p><img decoding=\"async\" src=\"\/\/www.monitor-radiotv.it\/wp\/wp-content\/plugins\/rss-poster\/cache\/5b4fb_rv1.jpg\" align=\"right\" \/><i>&#8220;Dopo aver celebrato lo scorso anno il suo 80\u00b0 anniversario, la Radio Vaticana \u00e8 pronta per affrontare una nuova tappa della sua storia affidando in modo sempre crescente il suo messaggio di servizio al Vangelo e alla Chiesa alle nuove tecnologie di comunicazione&#8221;<\/i>. Con queste parole il direttore generale della <a href=\"http:\/\/www.monitor-radiotv.com\/opnexlink.shtml?http:\/\/www.radiovaticana.org\">Radio Vaticana<\/a>, padre <i>Federico Lombardi<\/i>, introduce il comunicato dal titolo <b>&#8220;Una nuova tappa nella storia della Radio Vaticana. Dalle Onde Corte alle nuove strategie di comunicazione&#8221;<\/b>, spiegando che <i>&#8220;i programmi radiofonici in circa 40 lingue della Radio Vaticana \u2013 ricevuti via satellite o via internet &#8211; sono oggi ritrasmessi da un migliaio di radio locali o regionali in FM e OM in circa 80 Paesi dei cinque continenti&#8230;.<\/i><\/p>\n<p><img decoding=\"async\" src=\"\/\/www.monitor-radiotv.it\/wp\/wp-content\/plugins\/rss-poster\/cache\/2ddd4_rv2.jpg\" align=\"right\" \/><i>&#8230;Essi sono inoltre accessibili live su cinque canali web e on demand e in podcast in ogni punto del mondo da cui ci si possa connettere al Sito della Radio Vaticana. Anche le notizie e i testi pubblicati per scritto in 40 lingue in 13 alfabeti diversi sul Sito sono una fonte di informazione ricchissima, e il servizio RSS e le newsletter vengono inviate quotidianamente a numerosi abbonati in molte lingue diverse (non solo europee, ma anche, ad es. cinese, hindi, tamil\u2026)&#8221;.<\/i><\/p>\n<p>\nInoltre, ricorda ancora padre Lombardi, la &#8220;stretta collaborazione con il Centro Televisivo Vaticano&#8221; ha permesso di <i>&#8220;sviluppare anche un servizio video molto ricco sulla Rete e lo strumento innovativo del &#8216;Vatican player&#8217;, che offre non solo le immagini e i suoni delle attivit\u00e0 del Papa live e on demand, ma le collega sistematicamente all\u2019Agenda degli appuntamenti del Papa e cos\u00ec anche ai testi e ai servizi giornalistici attinenti. Tramite il &#8216;Vatican player&#8217; i Siti web di tutto il mondo possono ricevere e rilanciare sistematicamente nella Rete immagini, voci e testi del Papa e della Santa Sede. Il canale radiofonico \u201cRadio Vaticana in diretta\u201d sulle 24 ore \u00e8 ormai ben seguito in FM su Roma e in DAB e DAB+ su buona parte del territorio italiano, permettendo un dialogo sempre pi\u00f9 intenso con la vita e la cultura italiana e con la Chiesa in Italia.<\/i><\/p>\n<p>\n<b>Foto delle antenne di Radio Vaticana a Santa Maria Galeria (Roma) (da <a href=\"http:\/\/www.monitor-radiotv.com\/openxlink.shtml?http:\/\/www.mediasuk.org\/archive\/vaticana.html\"> mediasuk.org<\/a>)<\/b><\/p>\n<p>\nDunque, si legge nella nota, &#8220;tenuto conto della vasta accessibilit\u00e0 dei suoi servizi tramite le ritrasmissioni radio locali, regionali o nazionali, e tramite il Web e alcuni canali satellitari, la Radio Vaticana ritiene che sia giunto il tempo in cui sia possibile ridurre l\u2019impegno delle trasmissioni con le tecnologie tradizionali delle Onde Corte e delle Onde Medie, trasferendo cos\u00ec risorse in nuove direzioni. Perci\u00f2 &#8211; si afferma &#8211; dal prossimo 1\u00b0 luglio verranno terminate dal Centro Trasmittente di Santa Maria di Galeria tutte le trasmissioni in Onde Medie e quelle in Onde Corte verso la maggior parte dell\u2019Europa e delle Americhe, che sono appunto le regioni del mondo in cui la copertura da parte delle ritrasmissioni radio e l\u2019accesso tramite Internet sono ormai le vie di gran lunga preponderanti per fruire dei servizi della Radio Vaticana. La riduzione attuale &#8211; illustra padre Lombardi &#8211; interessa circa la met\u00e0 dei tempi di trasmissione dal Centro Trasmittente, dove si avvia lo studio per la ristrutturazione del Centro stesso in funzione delle nuove tecnologie di comunicazione. Nel corso dei prossimi anni si prevedono ulteriori riduzioni delle trasmissioni in Onde Corte, tenendo per\u00f2 sempre presente il dovere di servire con particolare attenzione quelle aree e popolazioni pi\u00f9 povere o in situazioni di difficolt\u00e0 (in particolare in Africa, nel Medio Oriente o in Asia), che non hanno altre vie alternative per ricevere capillarmente la voce del Papa e della Chiesa&#8221;.\n<\/p><\/p>\n","protected":false},"excerpt":{"rendered":"<p>&#8220;Dopo aver celebrato lo scorso anno il suo 80\u00b0 anniversario, la Radio Vaticana \u00e8 pronta per affrontare una nuova tappa della sua storia affidando in modo sempre crescente il suo messaggio di servizio al Vangelo e alla Chiesa alle nuove tecnologie di comunicazione&#8221;. Con queste parole il direttore generale della&#8230;<\/p>\n","protected":false},"author":1,"featured_media":0,"comment_status":"open","ping_status":"open","sticky":false,"template":"","format":"standard","meta":{"om_disable_all_campaigns":false,"footnotes":""},"categories":[11],"tags":[],"class_list":["post-314","post","type-post","status-publish","format-standard","hentry","category-senza-categoria"],"_links":{"self":[{"href":"https:\/\/www.monitor-radiotv.it\/w\/wp-json\/wp\/v2\/posts\/314","targetHints":{"allow":["GET"]}}],"collection":[{"href":"https:\/\/www.monitor-radiotv.it\/w\/wp-json\/wp\/v2\/posts"}],"about":[{"href":"https:\/\/www.monitor-radiotv.it\/w\/wp-json\/wp\/v2\/types\/post"}],"author":[{"embeddable":true,"href":"https:\/\/www.monitor-radiotv.it\/w\/wp-json\/wp\/v2\/users\/1"}],"replies":[{"embeddable":true,"href":"https:\/\/www.monitor-radiotv.it\/w\/wp-json\/wp\/v2\/comments?post=314"}],"version-history":[{"count":1,"href":"https:\/\/www.monitor-radiotv.it\/w\/wp-json\/wp\/v2\/posts\/314\/revisions"}],"predecessor-version":[{"id":25692,"href":"https:\/\/www.monitor-radiotv.it\/w\/wp-json\/wp\/v2\/posts\/314\/revisions\/25692"}],"wp:attachment":[{"href":"https:\/\/www.monitor-radiotv.it\/w\/wp-json\/wp\/v2\/media?parent=314"}],"wp:term":[{"taxonomy":"category","embeddable":true,"href":"https:\/\/www.monitor-radiotv.it\/w\/wp-json\/wp\/v2\/categories?post=314"},{"taxonomy":"post_tag","embeddable":true,"href":"https:\/\/www.monitor-radiotv.it\/w\/wp-json\/wp\/v2\/tags?post=314"}],"curies":[{"name":"wp","href":"https:\/\/api.w.org\/{rel}","templated":true}]}}