{"id":315,"date":"2012-06-15T14:37:05","date_gmt":"2012-06-15T13:37:05","guid":{"rendered":"http:\/\/www.monitor-radiotv.it\/wp\/?p=315"},"modified":"2019-11-15T12:06:59","modified_gmt":"2019-11-15T11:06:59","slug":"apple-presenta-nuovi-portatili-e-il-nuovo-mac-pro-anzi-no","status":"publish","type":"post","link":"https:\/\/www.monitor-radiotv.it\/w\/apple-presenta-nuovi-portatili-e-il-nuovo-mac-pro-anzi-no\/","title":{"rendered":"Apple presenta nuovi portatili e il nuovo Mac Pro, anzi no."},"content":{"rendered":"<div id=\"fb-root\"><\/div>\n<p><img decoding=\"async\" src=\"\/\/www.monitor-radiotv.it\/wp\/wp-content\/plugins\/rss-poster\/cache\/f45f6_apple1.jpg\" align=\"right\" \/>Durante il keynote che ha aperto i lavori della Worldwide Developer Conference di Apple, l\u2019annuale appuntamento con gli sviluppatori di applicazioni per le piattaforme Mac e iOS (iPhone e iPad), nessuna parola \u00e8 stata spesa da <b>Tim Cook<\/b>, il nuovo Ceo di Apple, per annunciare il rinnovamento della linea di computer desktop professionali Mac Pro. <br \/>\nDallo scorso luned\u00ec sono per\u00f2 in vendita i nuovi modelli &#8211; disponibili in configurazione Quad-Core, 12-Core e Server \u2013 con processori leggermente pi\u00f9 potenti e una maggiore dotazione di memoria RAM nella loro configurazione base. <br \/>\nIl prezzo dei Mac Pro Quad-Core e Server \u00e8 leggermente aumentato mentre si \u00e8 ridotto di quasi mille euro quello del 12-Core e sono stati ridotti anche i prezzi delle espansioni di RAM e dei dischi rigidi, che erano rimasti quelli praticati al momento del lancio dei precedenti modelli e quindi ormai fuori mercato (per fare un esempio, fino alla settimana scorsa per avere un Mac Pro Server con 16 GB di RAM occorreva aggiungere quasi 800 euro al prezzo base mentre oggi la stessa configurazione \u00e8 proposta con un sovrapprezzo di soli 300 euro). <\/p>\n<p><img decoding=\"async\" src=\"\/\/www.monitor-radiotv.it\/wp\/wp-content\/plugins\/rss-poster\/cache\/08e57_apple2.jpg\" align=\"right\" \/>L\u2019architettura complessiva dei Mac Pro \u00e8 rimasta sostanzialmente invariata, quindi niente USB 3 o Thunderbolt che sono la dotazione standard di tutti i nuovi portatili Apple, tanto che il giorno successivo alla disponibilit\u00e0 dei Mac Pro rinnovati \u00e8 stata eliminata dalle pagine dello Store ufficiale di Apple l\u2019etichetta \u201cNuovo\u201d che solitamente evidenzia i prodotti presentati pi\u00f9 di recente. <\/p>\n<p>\n<b>Apple per i professionisti<\/b><\/p>\n<p>\nDifficile dire se si sia trattata semplicemente di una svista del marketing della Mela o un tentativo di placare le critiche di quanti si aspettavano un rinnovamento pi\u00f9 sostanzioso, in particolare degli oltre 18 mila che avevano aderito alla <a href=\"https:\/\/www.facebook.com\/MacProsPlease\" target=\"blank\" rel=\"noopener noreferrer\">petizione lanciata su Facebook<\/a> per richiedere ad Apple un po\u2019 di chiarezza su quello che sarebbe stato il futuro della linea di prodotti professionali, piuttosto preoccupati per il ritardo accumulato nel rinnovamento. <br \/>\nVolendo vedere il bicchiere mezzo pieno, il fatto che Apple l\u2019abbia aggiornata \u00e8 un segnale che non ci sia l\u2019intenzione di abbandonarla, come era successo lo scorso anno con i server della linea Xserve, tesi rafforzata anche dalla risposta dello stesso Tim Cook alla specifica richiesta di un utente Mac, che riportiamo qui di seguito:<br \/><i>Franz,\u2028Thanks for your email. Our Pro customers like you are really important to us. Although we didn\u2019t have a chance to talk about a new Mac Pro at today\u2019s event, don\u2019t worry as we\u2019re working on something really great for later next year. We also updated the current model today.\u2028We\u2019ve been continuing to update Final Cut Pro X with revolutionary pro features like industry leading multi-cam support and we just updated Aperture with incredible new image adjustment features.\u2028We also announced a MacBook Pro with a Retina Display that is a great solution for many pros.\u2028Tim<\/i><br \/><img decoding=\"async\" src=\"\/\/www.monitor-radiotv.it\/wp\/wp-content\/plugins\/rss-poster\/cache\/08e57_apple3.jpg\" align=\"right\" \/><\/p>\n<p>\nVale la pena rilevare che non \u00e8 nella politica di Apple divulgare alcuna informazione su prodotti ancora in fase di sviluppo anche se quanto dichiarato da Cook \u00e8 piuttosto fumoso: \u201c\u2026 non preoccuparti poich\u00e9 stiamo lavorando su qualcosa di veramente grande per il prossimo anno\u201d, vale a dire il 2013. La risposta di Cook termina con quello che sembra quasi un suggerimento d\u2019acquisto per i professionisti, il nuovo portatile MacBook Pro con Display Retina, locuzione utilizzata da Apple per indicare uno schermo con pixel di dimensioni tali da risultare praticamente invisibili ad occhio nudo, simile a quello utilizzato nei pi\u00f9 recenti iPad. <\/p>\n<p>\nNel caso del nuovo portatile, lo schermo ha una dimensione di 15,4 pollici e una risoluzione di 2.880 x 1.800 pixel il che significa che la densit\u00e0 di pixel \u00e8 doppia rispetto a quella dei MacBook Pro standard. Difficile dire quali vantaggi possa dare uno schermo del genere, che \u00e8 pur sempre un 15\u201d, con le normali applicazioni: i contorni dei caratteri sono meglio definiti, ma il testo dei menu o le icone non possono certo essere dimezzate. Apple sottolinea comunque che con questa risoluzione \u00e8 possibile visualizzare il video Full HD nella finestra viewer di Final Cut Pro X. Inoltre, sfruttando la velocit\u00e0 dell\u2019unit\u00e0 SSD da 256 o 512 GB che sostituisce il classico hard disk in questi nuovi portatili, si possono riprodurre contemporaneamente fino a nove stream di video ProRes (HQ). Queste prestazioni sono rese possibili dalla grafica integrata, Nvidia GeForce 650M, che permette di pilotare fino a due monitor esterni, uno dei quali pu\u00f2 essere collegato alla porta HDMI, altra novit\u00e0 riservata ai portatili con display Retina. Per inciso, anche i nuovi MacBook Pro da 15\u201d utilizzano la stessa grafica Nvidia che, tra le altre cose, permette di sfruttare l\u2019Adobe Mercury Graphics Engine per accelerare l\u2019esecuzione di diverse applicazioni della Creative Suite CS6, compresi Premiere e After Effects. <\/p>\n<p>\n<img decoding=\"async\" src=\"\/\/www.monitor-radiotv.it\/wp\/wp-content\/plugins\/rss-poster\/cache\/75bf8_apple4.jpg\" align=\"right\" \/>La configurazione standard del MacBook Pro con display Retina prevede una dotazione di memoria RAM di 8 GB; i chip di memoria sono saldati sulla scheda \u00e8 non \u00e8 quindi possibile espanderla ma, come opzione built to order acquistabile online, \u00e8 prevista anche una dotazione di 16 GB di RAM. <\/p>\n<p>\nPer quel che riguarda la connettivit\u00e0, il MacBook Pro con display Retina \u00e8 dotato di due porte Thunderbolt, due porte USB 3, una porta HDMI, slot per schede SDXC e uscita per le cuffie. Manca l\u2019uscita Toslink per l\u2019audio digitale, dotazione standard degli altri MacBook Pro, cos\u00ec come l\u2019ingresso audio. <\/p>\n<p>\nAltra mancanza \u00e8 la porta Gigabit Ethernet per cui il collegamento alla rete locale \u00e8 possibile solo in Wi-Fi (e quindi con prestazioni inferiori) oppure utilizzando l\u2019adattatore Ethernet acquistabile separatamente e collegabile a una delle due porte Thunderbolt. <\/p>\n<p>\nGrazie all\u2019eliminazione dell\u2019unit\u00e0 ottica e all\u2019impiego di unit\u00e0 flash al posto dell\u2019hard disk, il peso \u00e8 inferiore di circa mezzo chilogrammo e una rivisitazione del design unibody ha permesso di ridurre lo spessore a soli 18 mm. Il MacBook Pro con display Retina ha un prezzo base di 2.299 euro, superiore di 400 euro a quello del MacBook Pro 15\u201d con lo stesso processore, ma se si sceglie di acquistare il secondo con 8 GB di RAM e un\u2019unit\u00e0 a stato solido da 256 GB, si spendono quasi 200 euro in pi\u00f9. <\/p>\n<p>\nNon \u00e8 quindi un caso che le consegne dei modelli con display Retina siano passate da qualche giorno a 3 o 4 settimane mentre tutti gli altri modelli sono immediatamente disponibili (evidentemente, gli utenti Mac sanno far meglio i conti della stessa Apple, a meno che la scelta di mettere in concorrenza i due modelli non sia voluta). <\/p>\n<p>\nCome ultima nota c\u2019\u00e8 da segnalare la scomparsa dei MacBook Pro con schermo da 17 pollici, un taglio apprezzato dai professionisti e gli unici che ancora disponevano dello slot EspressCard, ideale per quanti utilizzano videocamere con schede SxS che potevano essere collegate direttamente. Anche questo non \u00e8 un bel segnale per quanti hanno scelto di utilizzare prodotti Apple per la loro attivit\u00e0 professionale.<\/p>\n<p><\/p>\n","protected":false},"excerpt":{"rendered":"<p>Durante il keynote che ha aperto i lavori della Worldwide Developer Conference di Apple, l\u2019annuale appuntamento con gli sviluppatori di applicazioni per le piattaforme Mac e iOS (iPhone e iPad), nessuna parola \u00e8 stata spesa da Tim Cook, il nuovo Ceo di Apple, per annunciare il rinnovamento della linea di&#8230;<\/p>\n","protected":false},"author":1,"featured_media":0,"comment_status":"open","ping_status":"open","sticky":false,"template":"","format":"standard","meta":{"om_disable_all_campaigns":false,"footnotes":""},"categories":[11],"tags":[],"class_list":["post-315","post","type-post","status-publish","format-standard","hentry","category-senza-categoria"],"_links":{"self":[{"href":"https:\/\/www.monitor-radiotv.it\/w\/wp-json\/wp\/v2\/posts\/315","targetHints":{"allow":["GET"]}}],"collection":[{"href":"https:\/\/www.monitor-radiotv.it\/w\/wp-json\/wp\/v2\/posts"}],"about":[{"href":"https:\/\/www.monitor-radiotv.it\/w\/wp-json\/wp\/v2\/types\/post"}],"author":[{"embeddable":true,"href":"https:\/\/www.monitor-radiotv.it\/w\/wp-json\/wp\/v2\/users\/1"}],"replies":[{"embeddable":true,"href":"https:\/\/www.monitor-radiotv.it\/w\/wp-json\/wp\/v2\/comments?post=315"}],"version-history":[{"count":1,"href":"https:\/\/www.monitor-radiotv.it\/w\/wp-json\/wp\/v2\/posts\/315\/revisions"}],"predecessor-version":[{"id":25694,"href":"https:\/\/www.monitor-radiotv.it\/w\/wp-json\/wp\/v2\/posts\/315\/revisions\/25694"}],"wp:attachment":[{"href":"https:\/\/www.monitor-radiotv.it\/w\/wp-json\/wp\/v2\/media?parent=315"}],"wp:term":[{"taxonomy":"category","embeddable":true,"href":"https:\/\/www.monitor-radiotv.it\/w\/wp-json\/wp\/v2\/categories?post=315"},{"taxonomy":"post_tag","embeddable":true,"href":"https:\/\/www.monitor-radiotv.it\/w\/wp-json\/wp\/v2\/tags?post=315"}],"curies":[{"name":"wp","href":"https:\/\/api.w.org\/{rel}","templated":true}]}}