{"id":31559,"date":"2020-10-14T17:02:06","date_gmt":"2020-10-14T15:02:06","guid":{"rendered":"https:\/\/www.monitor-radiotv.it\/w\/?p=31559"},"modified":"2020-10-14T17:02:06","modified_gmt":"2020-10-14T15:02:06","slug":"microsoft-verso-lo-smart-working-permanente","status":"publish","type":"post","link":"https:\/\/www.monitor-radiotv.it\/w\/microsoft-verso-lo-smart-working-permanente\/","title":{"rendered":"Microsoft verso lo smart working permanente"},"content":{"rendered":"<div id=\"fb-root\"><\/div>\n<p>Dopo <strong>Twitter<\/strong> e <strong>Facebook<\/strong>, anche <strong>Microsoft<\/strong> sceglie la strada dello smart working permanente. L&#8217;azienda fondata da Bill Gates ha deciso di consentire ai propri dipendenti di lavorare da casa in modo permanente anche dopo la fine dell&#8217;emergenza Covid 19.<\/p>\n<p><img loading=\"lazy\" decoding=\"async\" class=\"alignright size-full wp-image-31560\" src=\"https:\/\/www.monitor-radiotv.it\/w\/wp-content\/uploads\/2020\/10\/microsoft2.jpg\" alt=\"\" width=\"445\" height=\"267\" srcset=\"https:\/\/www.monitor-radiotv.it\/w\/wp-content\/uploads\/2020\/10\/microsoft2.jpg 445w, https:\/\/www.monitor-radiotv.it\/w\/wp-content\/uploads\/2020\/10\/microsoft2-300x180.jpg 300w\" sizes=\"auto, (max-width: 445px) 100vw, 445px\" \/>La decisione \u00e8 stata comunicata ai dipendenti tramite una mail interna di cui ha dato notizia il portale <em>The Verge<\/em>, che ha parlato di linee guida che definiscono il concetto di hybrid workplace.<\/p>\n<p>Anche Microsoft ha dunque optato per il &#8216;lavoro ibrido&#8217;, una soluzione che prevede lo smart working per meno del 50% delle ore settimanali. Inoltre i manager potranno concedere ai dipendenti di lavorare completamente in remoto.<\/p>\n<p>Chi sceglier\u00e0 di continuare a lavorare da casa, non potr\u00e0 contare su un proprio spazio in ufficio per i giorni che trascorrer\u00e0 in sede, ma usufruir\u00e0 di postazioni volanti. Rimarranno funzioni che prevedono comunque una presenza fisica, mentre \u00e8 prevista la possibilit\u00e0 di esser ricollocati a livello internazionale qualora il proprio ruolo lo consenta.<\/p>\n","protected":false},"excerpt":{"rendered":"<p>Dopo Twitter e Facebook, anche Microsoft sceglie la strada dello smart working permanente. L&#8217;azienda fondata da Bill Gates ha deciso di consentire ai propri dipendenti di lavorare da casa in modo permanente anche dopo la fine dell&#8217;emergenza Covid 19. La decisione \u00e8 stata comunicata ai dipendenti tramite una mail interna&#8230;<\/p>\n","protected":false},"author":12,"featured_media":31561,"comment_status":"closed","ping_status":"closed","sticky":false,"template":"","format":"standard","meta":{"om_disable_all_campaigns":false,"footnotes":""},"categories":[74,46296,77],"tags":[22],"class_list":["post-31559","post","type-post","status-publish","format-standard","has-post-thumbnail","hentry","category-media","category-new-media","category-tecnologie","tag-primo-piano"],"_links":{"self":[{"href":"https:\/\/www.monitor-radiotv.it\/w\/wp-json\/wp\/v2\/posts\/31559","targetHints":{"allow":["GET"]}}],"collection":[{"href":"https:\/\/www.monitor-radiotv.it\/w\/wp-json\/wp\/v2\/posts"}],"about":[{"href":"https:\/\/www.monitor-radiotv.it\/w\/wp-json\/wp\/v2\/types\/post"}],"author":[{"embeddable":true,"href":"https:\/\/www.monitor-radiotv.it\/w\/wp-json\/wp\/v2\/users\/12"}],"replies":[{"embeddable":true,"href":"https:\/\/www.monitor-radiotv.it\/w\/wp-json\/wp\/v2\/comments?post=31559"}],"version-history":[{"count":1,"href":"https:\/\/www.monitor-radiotv.it\/w\/wp-json\/wp\/v2\/posts\/31559\/revisions"}],"predecessor-version":[{"id":31562,"href":"https:\/\/www.monitor-radiotv.it\/w\/wp-json\/wp\/v2\/posts\/31559\/revisions\/31562"}],"wp:featuredmedia":[{"embeddable":true,"href":"https:\/\/www.monitor-radiotv.it\/w\/wp-json\/wp\/v2\/media\/31561"}],"wp:attachment":[{"href":"https:\/\/www.monitor-radiotv.it\/w\/wp-json\/wp\/v2\/media?parent=31559"}],"wp:term":[{"taxonomy":"category","embeddable":true,"href":"https:\/\/www.monitor-radiotv.it\/w\/wp-json\/wp\/v2\/categories?post=31559"},{"taxonomy":"post_tag","embeddable":true,"href":"https:\/\/www.monitor-radiotv.it\/w\/wp-json\/wp\/v2\/tags?post=31559"}],"curies":[{"name":"wp","href":"https:\/\/api.w.org\/{rel}","templated":true}]}}