{"id":317,"date":"2012-06-22T01:11:35","date_gmt":"2012-06-22T00:11:35","guid":{"rendered":"http:\/\/www.monitor-radiotv.it\/wp\/?p=317"},"modified":"2012-06-22T01:11:35","modified_gmt":"2012-06-22T00:11:35","slug":"minuscolo-veicolo-per-trasmissioni-satellitari-allinsegna-dellecologia","status":"publish","type":"post","link":"https:\/\/www.monitor-radiotv.it\/w\/minuscolo-veicolo-per-trasmissioni-satellitari-allinsegna-dellecologia\/","title":{"rendered":"Minuscolo veicolo per trasmissioni satellitari all&#8217;insegna dell&#8217;ecologia"},"content":{"rendered":"<div id=\"fb-root\"><\/div>\n<p>Ideale per la produzione di contenuti audiovisivi, la telemedicina e le situazioni di emergenza, il mezzo \u00e8 in grado di fornire una vasta gamma di applicazioni multimediali. <\/p>\n<p>Inoltre consente di trasportare connettivit\u00e0  in Banda Larga anche nelle zone di Digital Divide e soprattutto in modalit\u00e0  occasionale.<\/p>\n<p><\/p>\n<p>La realizzazione del progetto &#8211; una piccola Smart &#8211; \u00e8  frutto dell&#8217;eccellenza tecnologica italiana che crede nello sviluppo sostenibile. IcarusNet ha realizzato il prototipo con la collaborazione di <a href=\"http:\/\/www.eutelsat.com\" title=\"Eutelsat\">Eutelsat<\/a> Italia, Skylogic, Feedback Italia, Diem Technologies e Onda Teleelectronic.<\/p>\n","protected":false},"excerpt":{"rendered":"<p>Ideale per la produzione di contenuti audiovisivi, la telemedicina e le situazioni di emergenza, il mezzo \u00e8 in grado di fornire una vasta gamma di applicazioni multimediali. Inoltre consente di trasportare connettivit\u00e0 in Banda Larga anche nelle zone di Digital Divide e soprattutto in modalit\u00e0 occasionale. La realizzazione del progetto&#8230;<\/p>\n","protected":false},"author":1,"featured_media":0,"comment_status":"open","ping_status":"open","sticky":false,"template":"","format":"standard","meta":{"om_disable_all_campaigns":false,"footnotes":""},"categories":[11],"tags":[],"class_list":["post-317","post","type-post","status-publish","format-standard","hentry","category-senza-categoria"],"_links":{"self":[{"href":"https:\/\/www.monitor-radiotv.it\/w\/wp-json\/wp\/v2\/posts\/317","targetHints":{"allow":["GET"]}}],"collection":[{"href":"https:\/\/www.monitor-radiotv.it\/w\/wp-json\/wp\/v2\/posts"}],"about":[{"href":"https:\/\/www.monitor-radiotv.it\/w\/wp-json\/wp\/v2\/types\/post"}],"author":[{"embeddable":true,"href":"https:\/\/www.monitor-radiotv.it\/w\/wp-json\/wp\/v2\/users\/1"}],"replies":[{"embeddable":true,"href":"https:\/\/www.monitor-radiotv.it\/w\/wp-json\/wp\/v2\/comments?post=317"}],"version-history":[{"count":0,"href":"https:\/\/www.monitor-radiotv.it\/w\/wp-json\/wp\/v2\/posts\/317\/revisions"}],"wp:attachment":[{"href":"https:\/\/www.monitor-radiotv.it\/w\/wp-json\/wp\/v2\/media?parent=317"}],"wp:term":[{"taxonomy":"category","embeddable":true,"href":"https:\/\/www.monitor-radiotv.it\/w\/wp-json\/wp\/v2\/categories?post=317"},{"taxonomy":"post_tag","embeddable":true,"href":"https:\/\/www.monitor-radiotv.it\/w\/wp-json\/wp\/v2\/tags?post=317"}],"curies":[{"name":"wp","href":"https:\/\/api.w.org\/{rel}","templated":true}]}}