{"id":318,"date":"2012-06-22T01:11:44","date_gmt":"2012-06-22T00:11:44","guid":{"rendered":"http:\/\/www.monitor-radiotv.it\/wp\/?p=318"},"modified":"2019-11-15T12:07:35","modified_gmt":"2019-11-15T11:07:35","slug":"clay-paky-domina-il-festival-europeo-della-canzone-2012","status":"publish","type":"post","link":"https:\/\/www.monitor-radiotv.it\/w\/clay-paky-domina-il-festival-europeo-della-canzone-2012\/","title":{"rendered":"Clay Paky domina il Festival Europeo della Canzone 2012"},"content":{"rendered":"<div id=\"fb-root\"><\/div>\n<p><img decoding=\"async\" src=\"\/\/www.monitor-radiotv.it\/wp\/wp-content\/plugins\/rss-poster\/cache\/cf1a6_cp1.jpg\" align=\"right\" \/>Sabato notte, 26 Maggio, si \u00e8 svolta a Baku, capitale dell\u2019Azerbaijan, la 57ma edizione del \u201cEurovision Song Contest\u201d. Lo spettacolo televisivo \u00e8 stato realizzato nella Crystal Hall, un nuovissimo e grande teatro coperto, con posti per 23.000 spettatori.  Questa impressionante struttura, commissionata dalla municipalit\u00e0 di Baku appositamente per questo evento, \u00e8 stata costruita in soli otto mesi.<br \/>\nL\u2019Eurovision Song Contest continua cos\u00ec il suo grande successo internazionale di pubblico ed \u00e8 uno degli eventi al centro dell\u2019attenzione di tutti gli operatori dello spettacolo, perch\u00e9 \u00e8 sempre la vetrina per le pi\u00f9 recenti novit\u00e0 tecniche. Il format della competizione \u00e8 relativamente semplice. I paesi membri dell\u2019Unione Europea del Broadcasting (EBU) possono iscrivere alla competizione una canzone inedita. Il pubblico da tutto il mondo partecipa alla selezione del vincitore inviando voti telefonici; non \u00e8 possibile votare per il concorrente del proprio paese. Una giuria di esperti contribuisce alla nomina del paese vincitore che l\u2019anno successivo ha il privilegio di ospitare l\u2019evento.<\/p>\n<p><img decoding=\"async\" src=\"\/\/www.monitor-radiotv.it\/wp\/wp-content\/plugins\/rss-poster\/cache\/91b90_cp2.jpg\" align=\"right\" \/>Nel 2011 il concorso fu vinto per la prima volta da due artisti dell\u2019Azerbaijan e, di conseguenza, lo show ha avuto luogo quest\u2019anno a Baku per la prima volta. Hanno partecipato 42 paesi. Dopo due semifinali, sabato 26 Maggio si \u00e8 svolta la finalissima di fronte a un pubblico pagante di 23.000 spettatori. Lo spettacolo, durato 3 ore, \u00e8 stato trasmesso in diretta TV in tutto il mondo, con un\u2019audience stimata di 125 milioni di telespettatori. Per questo si ritiene che il festival di quest\u2019anno sia il pi\u00f9 importante evento musicale del 2012.<\/p>\n<p>\nIl progetto luci dello spettacolo \u00e8 del Lighting Designer tedesco <b>Jerry Appelt<\/b>, che ha voluto un impressionante arsenale di luci, con pi\u00f9 di 1.400 apparecchi motorizzati, dei quali ben 667 erano della Clay Paky. L\u2019obiettivo del suo progetto luci era valorizzare la bellissima scenografia di Florian Wieder. Le luci di Clay Paky erano disposte sopra e tutt\u2019intorno al palcoscenico, in modo da essere ben visibili per le telecamere.<\/p>\n<p>\nAppelt ha dichiarato <i>\u201cil progetto della scena era molto angolato rispetto ad altre edizioni e io volevo che le luci emergessero chiaramente\u201d<\/i>.  Sulla struttura americana erano montati 78 Clay Paky Alpha Wash 1500, 157 Alpha Beam 1500, 249 Alpha Spot HPE 1500, 47 Alpha Profile 1500 e 114 Sharpy. In pi\u00f9 c\u2019erano 22 Shotlight Wash 1500 installati a soffitto, usati in particolare per gli \u201ceffetti speciali\u201d.<\/p>\n<p>\n<img decoding=\"async\" src=\"\/\/www.monitor-radiotv.it\/wp\/wp-content\/plugins\/rss-poster\/cache\/f4787_cp3.jpg\" align=\"right\" \/><i>\u201cGli Sharpy erano distribuiti un po\u2019 dappertutto,\u201d<\/i> ha detto Appelt.  L\u2019organizzazione dello show \u00e8 stata una sfida per tutti, perch\u00e9 questo \u00e8 stato il primo spettacolo mai realizzato nella nuova struttura della Baku Crystal Hall.  Citando ancora Jerry Appelt: <i>\u201cil fatto che la gran parte degli apparecchi sul palco fossero della Clay Paky, ha reso tutto pi\u00f9 facile: i colori dei fasci di luce si abbinavano fra loro perfettamente ed io potevo stare tranquillo, sapevo esattamente cosa aspettarmi dai proiettori. Avevo fari Clay Paky per ogni necessit\u00e0, fra loro perfettamente compatibili\u201d.<\/i><\/p>\n<p>\nFra le novit\u00e0 introdotte da Appelt c\u2019\u00e8 stato anche un uso assolutamente innovativo di un altro prodotto della Clay Paky, l\u2019Alpha Beam 1500: otto apparecchi di questo tipo sono stati usati per sostituire dei seguipersona, con qualche piccola modifica.  Ecco la spiegazione di Appelt: <i>\u201c\u00e8 stata una soluzione eccezionale per seguire con precisione gli artisti sul palco. Mi sa che abbiamo creato un\u2019idea nuova che Clay Paky sapr\u00e0 sicuramente sfruttare!\u201d.<\/i><\/p>\n<p>\n<img decoding=\"async\" src=\"\/\/www.monitor-radiotv.it\/wp\/wp-content\/plugins\/rss-poster\/cache\/8585e_cp4.jpg\" align=\"right\" \/><br \/>\nLa societ\u00e0 Cape Cross di Colonia, Germania, \u00e8 stata il fornitore di tutto l\u2019impianto luci. Thomas Br\u00fcgge, Direttore Generale di Cape Cross, si \u00e8 cos\u00ec espresso: <i>\u201cClay Paky \u00e8 un marchio con cui lavoriamo molto volentieri. I loro proiettori sono molto affidabili e la loro qualit\u00e0 davvero costante\u201d.<\/i><\/p>\n<p>\n<b>Ola Melzig<\/b>, Direttore di Produzione e di Scena, \u00e8 la persona che ha coordinato i vari team tecnici, ognuno responsabile di una tecnologia diversa dello show; oltre alle luci c\u2019erano infatti l\u2019audio, il video, i fuochi artificiali e gli operatori di camera. Ola ci ha dichiarato: <i>\u201cCapisco perch\u00e9 Jerry Appelt preferisce lavorare con i fari della Clay Paky. Ho diretto lo spettacolo stando nella sala di regia dove ho potuto verificare di persona, attraverso i monitor, come queste luci rendano bene in video. I loro colori sono armonici, omogenei, la luce \u00e8 vivida e molto efficace\u201d.<\/i><br \/><img decoding=\"async\" src=\"\/\/www.monitor-radiotv.it\/wp\/wp-content\/plugins\/rss-poster\/cache\/ebcfd_cp5.jpg\" align=\"right\" \/><br \/>\nLa competizione \u00e8 stata vinta dalla Svezia, campione con la canzone \u201cEuphoria\u201d presentata da Loreen.<\/p>\n<p>\n<b>Crediti:<\/b><br \/><i>Lighting Design: Jerry Appelt\u2028Stage Design: Florian Wieder \u2028Technical Coordinator and Gaffer: Matthias Rau\u2028Head of Lighting: Thorsten Berger <br \/>\nShow Lighting Operator: Sascha Matthes\u2028Video Sever Operator: Stephan Fl\u00f6ren<br \/>\nKey- and TV Lighting Operator: Markus Ruhnke\u2028Greenroom and Audience Operator: \u201cMatze\u201d Meyert\u2028Host broadcaster: Ictimai TV\u2028Creative Production: Brainpool TV GmbH\u2028Executive Supervisor of EBU: Jon-Ola Sand<\/i><\/p>\n<p>\n<b>Photos \u2013 Copyright: Courtesy of MM Production Mgmt<\/b><\/p>\n<p><\/p>\n","protected":false},"excerpt":{"rendered":"<p>Sabato notte, 26 Maggio, si \u00e8 svolta a Baku, capitale dell\u2019Azerbaijan, la 57ma edizione del \u201cEurovision Song Contest\u201d. Lo spettacolo televisivo \u00e8 stato realizzato nella Crystal Hall, un nuovissimo e grande teatro coperto, con posti per 23.000 spettatori. Questa impressionante struttura, commissionata dalla municipalit\u00e0 di Baku appositamente per questo evento,&#8230;<\/p>\n","protected":false},"author":1,"featured_media":0,"comment_status":"open","ping_status":"open","sticky":false,"template":"","format":"standard","meta":{"om_disable_all_campaigns":false,"footnotes":""},"categories":[11],"tags":[],"class_list":["post-318","post","type-post","status-publish","format-standard","hentry","category-senza-categoria"],"_links":{"self":[{"href":"https:\/\/www.monitor-radiotv.it\/w\/wp-json\/wp\/v2\/posts\/318","targetHints":{"allow":["GET"]}}],"collection":[{"href":"https:\/\/www.monitor-radiotv.it\/w\/wp-json\/wp\/v2\/posts"}],"about":[{"href":"https:\/\/www.monitor-radiotv.it\/w\/wp-json\/wp\/v2\/types\/post"}],"author":[{"embeddable":true,"href":"https:\/\/www.monitor-radiotv.it\/w\/wp-json\/wp\/v2\/users\/1"}],"replies":[{"embeddable":true,"href":"https:\/\/www.monitor-radiotv.it\/w\/wp-json\/wp\/v2\/comments?post=318"}],"version-history":[{"count":1,"href":"https:\/\/www.monitor-radiotv.it\/w\/wp-json\/wp\/v2\/posts\/318\/revisions"}],"predecessor-version":[{"id":25698,"href":"https:\/\/www.monitor-radiotv.it\/w\/wp-json\/wp\/v2\/posts\/318\/revisions\/25698"}],"wp:attachment":[{"href":"https:\/\/www.monitor-radiotv.it\/w\/wp-json\/wp\/v2\/media?parent=318"}],"wp:term":[{"taxonomy":"category","embeddable":true,"href":"https:\/\/www.monitor-radiotv.it\/w\/wp-json\/wp\/v2\/categories?post=318"},{"taxonomy":"post_tag","embeddable":true,"href":"https:\/\/www.monitor-radiotv.it\/w\/wp-json\/wp\/v2\/tags?post=318"}],"curies":[{"name":"wp","href":"https:\/\/api.w.org\/{rel}","templated":true}]}}