{"id":32238,"date":"2020-12-01T17:35:06","date_gmt":"2020-12-01T16:35:06","guid":{"rendered":"https:\/\/www.monitor-radiotv.it\/w\/?p=32238"},"modified":"2020-12-30T17:11:01","modified_gmt":"2020-12-30T16:11:01","slug":"il-5g-broadcast-e-il-futuro-della-televisione","status":"publish","type":"post","link":"https:\/\/www.monitor-radiotv.it\/w\/il-5g-broadcast-e-il-futuro-della-televisione\/","title":{"rendered":"Il 5G Broadcast \u00e8 il futuro della televisione ?"},"content":{"rendered":"<div id=\"fb-root\"><\/div>\n<p><img loading=\"lazy\" decoding=\"async\" class=\" wp-image-32253 alignright\" src=\"https:\/\/www.monitor-radiotv.it\/w\/wp-content\/uploads\/2020\/12\/ors5.jpg\" alt=\"\" width=\"147\" height=\"146\" srcset=\"https:\/\/www.monitor-radiotv.it\/w\/wp-content\/uploads\/2020\/12\/ors5.jpg 263w, https:\/\/www.monitor-radiotv.it\/w\/wp-content\/uploads\/2020\/12\/ors5-180x180.jpg 180w, https:\/\/www.monitor-radiotv.it\/w\/wp-content\/uploads\/2020\/12\/ors5-55x55.jpg 55w, https:\/\/www.monitor-radiotv.it\/w\/wp-content\/uploads\/2020\/12\/ors5-70x70.jpg 70w, https:\/\/www.monitor-radiotv.it\/w\/wp-content\/uploads\/2020\/12\/ors5-114x114.jpg 114w, https:\/\/www.monitor-radiotv.it\/w\/wp-content\/uploads\/2020\/12\/ors5-150x150.jpg 150w\" sizes=\"auto, (max-width: 147px) 100vw, 147px\" \/>In Italia le emittenti televisive saranno alle prese dall&#8217;anno prossimo con un delicato cambiamento tecnologico con il passaggio al DVB-T2. La qualit\u00e0 video del segnale video significativamente migliorato, ma il prezzo da pagare passer\u00e0 attraverso un rinnovamento del parco dei televisori nelle case degli italiani, ancora non completamente rinnovato dopo l&#8217;arrivo del DVB-T.<\/p>\n<p>Ma gi\u00e0 si guarda al futuro prossimo che sembrerebbe andare verso il <strong>5G Broadcast<\/strong>. Un cambiamento che avr\u00e0 bisogno di parecchio tempo per vedere la luce: l&#8217;infrastruttura della rete 5G \u00e8 ancora da completare e soprattutto mancano i dispositivi idonei alla ricezione.<\/p>\n<div id=\"attachment_32250\" class=\"wp-caption alignleft\" style=\"width: 361px\"><img loading=\"lazy\" decoding=\"async\" class=\" wp-image-32250\" src=\"https:\/\/www.monitor-radiotv.it\/w\/wp-content\/uploads\/2020\/12\/ors1.jpg\" alt=\"\" width=\"361\" height=\"182\" srcset=\"https:\/\/www.monitor-radiotv.it\/w\/wp-content\/uploads\/2020\/12\/ors1.jpg 500w, https:\/\/www.monitor-radiotv.it\/w\/wp-content\/uploads\/2020\/12\/ors1-300x151.jpg 300w\" sizes=\"auto, (max-width: 361px) 100vw, 361px\" \/><p class=\"wp-caption-text\">Michael Wagenhofer<\/p><\/div>\n<p>Sono queste, in sintesi, le conclusioni di <strong>Michael Wagenhofer<\/strong>, CEO di <a href=\"https:\/\/www.ors.at\/en\/\" target=\"_blank\" rel=\"noopener noreferrer\">ORS<\/a>, la sussidiaria dei servizi tecnici dell&#8217;emittente pubblica austriaca ORF, in una relazione sull&#8217;esperimento del <strong>5G Broadcast<\/strong> a Vienna, presentata al seminario EBU-Forecast 2020.<\/p>\n<p>L&#8217;operazione di test, che ORS esegue da diversi mesi, ha dimostrato che 5G Broadcast \u00e8 una tecnologia a prova di futuro per i consumatori. Uno dei motivi \u00e8, tra l&#8217;altro, la capacit\u00e0 del protocollo Internet utilizzato dal nuovo standard e la compatibilit\u00e0 associata con altri servizi di streaming OTT.<\/p>\n<p>Wagenhofer vede la mancanza di dispositivi finali come la sfida pi\u00f9 grande. Sebbene i test 5G Broadcast a Vienna siano promettenti, sia l&#8217;industria che i consumatori dovranno affrontare una sfida importante: la maturit\u00e0 del prodotto di 5G Broadcast non \u00e8 ancora soddisfacente, poich\u00e9 c&#8217;\u00e8 ancora una carenza di dispositivi di ricezione compatibili con 5G Broadcast, secondo Wagenhofer.<\/p>\n<p><em><img loading=\"lazy\" decoding=\"async\" class=\" wp-image-32252 alignright\" src=\"https:\/\/www.monitor-radiotv.it\/w\/wp-content\/uploads\/2020\/12\/ors4.jpg\" alt=\"\" width=\"451\" height=\"325\" srcset=\"https:\/\/www.monitor-radiotv.it\/w\/wp-content\/uploads\/2020\/12\/ors4.jpg 503w, https:\/\/www.monitor-radiotv.it\/w\/wp-content\/uploads\/2020\/12\/ors4-300x217.jpg 300w\" sizes=\"auto, (max-width: 451px) 100vw, 451px\" \/>&#8220;La mancanza di dispositivi finali adeguati tra i consumatori \u00e8 ancora il problema pi\u00f9 grande per l&#8217;introduzione del 5G Broadcast&#8221;<\/em>, afferma Wagenhofer in merito alla situazione attuale. Affinch\u00e9 questo nuovo eco sistema si possa sviluppare le emittenti e gli operatori di reti mobili dovranno lavorare almeno fino al 2025.<\/p>\n<p>Al fine di far avanzare lo sviluppo\u00a0 e per essere in grado di indagare la fattibilit\u00e0 e la maturit\u00e0 di possibili applicazioni, ORS lancer\u00e0 presto la propria piattaforma demo open source per le applicazioni 5G Broadcast, sotto il nome del progetto <strong>OBECA (Open Broadcast Edge Cache Appliance)<\/strong>. Consentir\u00e0 agli sviluppatori di tutto il mondo di collaborare con ORS su applicazioni OTT ibride con 5G Broadcast.<\/p>\n<p>La piattaforma sar\u00e0 utilizzata in modalit\u00e0 demo nella seconda fase della sperimentazione a Vienna. Il lancio di OBECA \u00e8 previsto per l&#8217;inizio del prossimo anno. Questo \u00e8 il video di presentazione di Wagenhofer (in lingua inglese, 10 minuti circa)<\/p>\n\n","protected":false},"excerpt":{"rendered":"<p>In Italia le emittenti televisive saranno alle prese dall&#8217;anno prossimo con un delicato cambiamento tecnologico con il passaggio al DVB-T2. La qualit\u00e0 video del segnale video significativamente migliorato, ma il prezzo da pagare passer\u00e0 attraverso un rinnovamento del parco dei televisori nelle case degli italiani, ancora non completamente rinnovato dopo&#8230;<\/p>\n","protected":false},"author":1,"featured_media":32251,"comment_status":"closed","ping_status":"closed","sticky":false,"template":"","format":"standard","meta":{"om_disable_all_campaigns":false,"footnotes":""},"categories":[68351,9,74],"tags":[27],"class_list":["post-32238","post","type-post","status-publish","format-standard","has-post-thumbnail","hentry","category-5g","category-canali-tv","category-media","tag-video-tv-alta-frequenza"],"_links":{"self":[{"href":"https:\/\/www.monitor-radiotv.it\/w\/wp-json\/wp\/v2\/posts\/32238","targetHints":{"allow":["GET"]}}],"collection":[{"href":"https:\/\/www.monitor-radiotv.it\/w\/wp-json\/wp\/v2\/posts"}],"about":[{"href":"https:\/\/www.monitor-radiotv.it\/w\/wp-json\/wp\/v2\/types\/post"}],"author":[{"embeddable":true,"href":"https:\/\/www.monitor-radiotv.it\/w\/wp-json\/wp\/v2\/users\/1"}],"replies":[{"embeddable":true,"href":"https:\/\/www.monitor-radiotv.it\/w\/wp-json\/wp\/v2\/comments?post=32238"}],"version-history":[{"count":7,"href":"https:\/\/www.monitor-radiotv.it\/w\/wp-json\/wp\/v2\/posts\/32238\/revisions"}],"predecessor-version":[{"id":32257,"href":"https:\/\/www.monitor-radiotv.it\/w\/wp-json\/wp\/v2\/posts\/32238\/revisions\/32257"}],"wp:featuredmedia":[{"embeddable":true,"href":"https:\/\/www.monitor-radiotv.it\/w\/wp-json\/wp\/v2\/media\/32251"}],"wp:attachment":[{"href":"https:\/\/www.monitor-radiotv.it\/w\/wp-json\/wp\/v2\/media?parent=32238"}],"wp:term":[{"taxonomy":"category","embeddable":true,"href":"https:\/\/www.monitor-radiotv.it\/w\/wp-json\/wp\/v2\/categories?post=32238"},{"taxonomy":"post_tag","embeddable":true,"href":"https:\/\/www.monitor-radiotv.it\/w\/wp-json\/wp\/v2\/tags?post=32238"}],"curies":[{"name":"wp","href":"https:\/\/api.w.org\/{rel}","templated":true}]}}