{"id":33273,"date":"2021-03-10T17:26:11","date_gmt":"2021-03-10T16:26:11","guid":{"rendered":"https:\/\/www.monitor-radiotv.it\/w\/?p=33273"},"modified":"2021-04-11T17:14:55","modified_gmt":"2021-04-11T15:14:55","slug":"la-radio-libera-italiana-compie-oggi-46-anni","status":"publish","type":"post","link":"https:\/\/www.monitor-radiotv.it\/w\/la-radio-libera-italiana-compie-oggi-46-anni\/","title":{"rendered":"La &#8220;Radio Libera&#8221; italiana compie oggi 46 anni"},"content":{"rendered":"<div id=\"fb-root\"><\/div>\n<p><img loading=\"lazy\" decoding=\"async\" class=\" wp-image-33283 alignright\" src=\"https:\/\/www.monitor-radiotv.it\/w\/wp-content\/uploads\/2021\/03\/3-Radio-Milano-International-Logo.jpg\" alt=\"\" width=\"176\" height=\"176\" srcset=\"https:\/\/www.monitor-radiotv.it\/w\/wp-content\/uploads\/2021\/03\/3-Radio-Milano-International-Logo.jpg 450w, https:\/\/www.monitor-radiotv.it\/w\/wp-content\/uploads\/2021\/03\/3-Radio-Milano-International-Logo-300x300.jpg 300w, https:\/\/www.monitor-radiotv.it\/w\/wp-content\/uploads\/2021\/03\/3-Radio-Milano-International-Logo-180x180.jpg 180w, https:\/\/www.monitor-radiotv.it\/w\/wp-content\/uploads\/2021\/03\/3-Radio-Milano-International-Logo-119x120.jpg 119w, https:\/\/www.monitor-radiotv.it\/w\/wp-content\/uploads\/2021\/03\/3-Radio-Milano-International-Logo-55x55.jpg 55w, https:\/\/www.monitor-radiotv.it\/w\/wp-content\/uploads\/2021\/03\/3-Radio-Milano-International-Logo-70x70.jpg 70w, https:\/\/www.monitor-radiotv.it\/w\/wp-content\/uploads\/2021\/03\/3-Radio-Milano-International-Logo-114x114.jpg 114w, https:\/\/www.monitor-radiotv.it\/w\/wp-content\/uploads\/2021\/03\/3-Radio-Milano-International-Logo-150x150.jpg 150w\" sizes=\"auto, (max-width: 176px) 100vw, 176px\" \/>La storia della radio libera in FM italiana ha una data che rappresenta la chiave\u00a0 di tutte le vicende:\u00a0 il <strong>10 marzo 1975<\/strong>.<\/p>\n<p>Per l&#8217;occasione ci scrive <strong>Rino Borra<\/strong>: <em>&#8220;Quel giorno fece capolino a Milano, sui 101 MegaHertz della <strong>Modulazione di Frequenza<\/strong> (FM), uno dei primi segnali pirata. Fino al giorno prima in FM si erano ascoltati solo Battisti e Cocciante, ma da quel momento, da una <\/em><em>camera da letto di <strong>Via Locatelli<\/strong>, con mezzi di fortuna, avevamo deciso di iniettare tra gli hertz dell\u2019FM un po\u2019 di musica mai ascoltata, prevalentemente nera americana, funky e soul.\u00a0<\/em><\/p>\n<p><img loading=\"lazy\" decoding=\"async\" class=\" wp-image-28062 alignright\" src=\"https:\/\/www.monitor-radiotv.it\/w\/wp-content\/uploads\/2020\/03\/rmi4.jpg\" alt=\"\" width=\"398\" height=\"299\" srcset=\"https:\/\/www.monitor-radiotv.it\/w\/wp-content\/uploads\/2020\/03\/rmi4.jpg 450w, https:\/\/www.monitor-radiotv.it\/w\/wp-content\/uploads\/2020\/03\/rmi4-300x225.jpg 300w, https:\/\/www.monitor-radiotv.it\/w\/wp-content\/uploads\/2020\/03\/rmi4-400x300.jpg 400w\" sizes=\"auto, (max-width: 398px) 100vw, 398px\" \/><\/p>\n<p><em>Dopo la comparsa in FM di brani cime <strong>I&#8217;m Free &#8211; The Who<\/strong> nulla fu come prima. Quella musica, insieme alle potenzialit\u00e0 di banda dell\u2019FM, qualitativamente superiori all\u2019AM e senza interferenze elettromagnetiche, drogarono le orecchie dei radioascoltatori milanesi. Con un rapido passaparola numerosissimi si incollarono alle nostre trasmissioni pirata. Ben presto svelammo anche la nostra denominazione: <strong><a href=\"https:\/\/www.radiomilano.international\/\" target=\"_blank\" rel=\"noopener noreferrer\">Radio Milano International<\/a>.<\/strong><\/em><\/p>\n<p><em>Con mio fratello <strong>Angelo<\/strong>, <strong>Piero<\/strong> e <strong>Nino Cozzi<\/strong>, diventammo eroi inconsapevoli di quella rivoluzione epocale. Anche la stampa non tard\u00f2 ad occuparsi di noi con grossi titoli. Ma come per le radio pirata dei mari del Nord,\u00a0il 14 aprile, arriv\u00f2 il fermo di Stato: la polizia\u00a0postale ci sequestr\u00f2 il trasmettitore.<\/em><\/p>\n<div id=\"attachment_33281\" class=\"wp-caption alignleft\" style=\"width: 331px\"><img loading=\"lazy\" decoding=\"async\" class=\"wp-image-33281 \" src=\"https:\/\/www.monitor-radiotv.it\/w\/wp-content\/uploads\/2021\/03\/Angelo-e-Rino-Borra.jpg\" alt=\"\" width=\"331\" height=\"237\" srcset=\"https:\/\/www.monitor-radiotv.it\/w\/wp-content\/uploads\/2021\/03\/Angelo-e-Rino-Borra.jpg 600w, https:\/\/www.monitor-radiotv.it\/w\/wp-content\/uploads\/2021\/03\/Angelo-e-Rino-Borra-300x215.jpg 300w\" sizes=\"auto, (max-width: 331px) 100vw, 331px\" \/><p class=\"wp-caption-text\">Angelo e Rino Borra<\/p><\/div>\n<p><em>Fortunatamente dieci giorni dopo il\u00a0Pretore\u00a0di Milano\u00a0accolse il nostro ricorso e ci riconsegn\u00f2 le attrezzature.<\/em><br \/>\n<em>Il 28 luglio dell\u2019anno successivo, la Corte Costituzionale conferm\u00f2 il provvedimento del Pretore e\u00a0dichiar\u00f2 legittime le nostre e tutte altre le trasmissioni in ambito locale: fu la fine del monopolio Rai.<\/em><\/p>\n<p><em>Da quel momento <strong>Radio Milano International<\/strong> prese a trasmettere in \u201cnon stop music\u201d: Commoders, Ashford &amp; Simpson, Chakan, Quincy Jones, Donna Summer. Molte altre Radio colorano di vivacit\u00e0, spontaneit\u00e0 e creativit\u00e0, l\u2019FM di tutta Italia. Negli anni RMI mise in campo una squadra affiatata di DJ, tra cui, <strong>Gerry Bruno, Claudio Cecchetto, Gigio D&#8217;Ambrosio, Lilli Guacci, Moreno Guizzo, Jonathan Jan, Massimo Oldani, Leonardo &#8220;Leopardo&#8221; Re Cecconi, Gerry Scotti, Fausto Terenzi, Dr. Vibes, Patrizia Zani<\/strong> e molti altri ancora.<\/em><br \/>\n<em><img loading=\"lazy\" decoding=\"async\" class=\"wp-image-33280 alignright\" src=\"https:\/\/www.monitor-radiotv.it\/w\/wp-content\/uploads\/2021\/03\/staff-6.jpg\" alt=\"\" width=\"384\" height=\"256\" srcset=\"https:\/\/www.monitor-radiotv.it\/w\/wp-content\/uploads\/2021\/03\/staff-6.jpg 1200w, https:\/\/www.monitor-radiotv.it\/w\/wp-content\/uploads\/2021\/03\/staff-6-300x200.jpg 300w, https:\/\/www.monitor-radiotv.it\/w\/wp-content\/uploads\/2021\/03\/staff-6-1024x682.jpg 1024w, https:\/\/www.monitor-radiotv.it\/w\/wp-content\/uploads\/2021\/03\/staff-6-150x100.jpg 150w, https:\/\/www.monitor-radiotv.it\/w\/wp-content\/uploads\/2021\/03\/staff-6-768x511.jpg 768w, https:\/\/www.monitor-radiotv.it\/w\/wp-content\/uploads\/2021\/03\/staff-6-810x539.jpg 810w\" sizes=\"auto, (max-width: 384px) 100vw, 384px\" \/>Nel\u00a01987\u00a0cambiammo nome in 101 Network e in seguito\u00a0in Radio 101. Nel 2005 poi la nostra concessione nazionale venne alienata dal Tribunale di Milano alla Arnoldo Mondadori Editore che diede vita a R101, una radio molto diversa da RMI che nessuno riconobbe come sua erede.<\/em><\/p>\n<p><em>Il 10 maggio 2017, per onorare una promessa fatta al mio compianto fratello Angelo, ho fatto rinascere sul web <a href=\"https:\/\/eurobroadcast.eu\/w\/station\/radio-milano-international\/\" target=\"_blank\" rel=\"noopener noreferrer\"><strong>Radio Milano International<\/strong><\/a>, riportando nel presente quella musica, quei jingle e quello spirito che hanno segnato generazioni intere. L\u2019ho fatto per amore della storia e non tanto per una questione di business. Dal 26 ottobre 2020, grazie a <strong>ADN Italia<\/strong>, Radio Milano International \u00e8 anche tornata in FM, in buona parte della Lombardia e in DAB+ in alcune regioni italiane. <\/em><\/p>\n<div id=\"attachment_33275\" class=\"wp-caption alignleft\" style=\"width: 140px\"><img loading=\"lazy\" decoding=\"async\" class=\"wp-image-33275\" src=\"https:\/\/www.monitor-radiotv.it\/w\/wp-content\/uploads\/2021\/03\/2-rino-borra.jpg\" alt=\"\" width=\"140\" height=\"140\" srcset=\"https:\/\/www.monitor-radiotv.it\/w\/wp-content\/uploads\/2021\/03\/2-rino-borra.jpg 459w, https:\/\/www.monitor-radiotv.it\/w\/wp-content\/uploads\/2021\/03\/2-rino-borra-300x300.jpg 300w, https:\/\/www.monitor-radiotv.it\/w\/wp-content\/uploads\/2021\/03\/2-rino-borra-180x180.jpg 180w, https:\/\/www.monitor-radiotv.it\/w\/wp-content\/uploads\/2021\/03\/2-rino-borra-119x120.jpg 119w, https:\/\/www.monitor-radiotv.it\/w\/wp-content\/uploads\/2021\/03\/2-rino-borra-55x55.jpg 55w, https:\/\/www.monitor-radiotv.it\/w\/wp-content\/uploads\/2021\/03\/2-rino-borra-70x70.jpg 70w, https:\/\/www.monitor-radiotv.it\/w\/wp-content\/uploads\/2021\/03\/2-rino-borra-114x114.jpg 114w, https:\/\/www.monitor-radiotv.it\/w\/wp-content\/uploads\/2021\/03\/2-rino-borra-150x150.jpg 150w\" sizes=\"auto, (max-width: 140px) 100vw, 140px\" \/><p class=\"wp-caption-text\">Rino Borra<\/p><\/div>\n<p><em>Rileggendo, a distanza di mezzo secolo, la storia delle Radio pi\u00f9 rappresentative della prima stagione, penso di poter affermare che la che quella di <a href=\"https:\/\/www.radiomilano.international\/\" target=\"_blank\" rel=\"noopener noreferrer\"><strong>Radio Milano International<\/strong><\/a> \u00e8 un po\u2019 la storia di tutte le radio libere italiane. \u00c8 la storia di tanti capelloni, sparsi un po\u2019 dovunque per l\u2019Italia, spiriti liberi, mai domiti che hanno animato, in questi lunghi anni, il mezzo radiofonico, per il quale le scommesse sono ancora infinite. Il 10 marzo 1975 non \u00e8 quindi la data che segna la nascita di Radio Milano International, ma una data importante per celebrare tutta l\u2019emittenza radiofonica commerciale italiana.&#8221;<br \/>\n<\/em><br \/>\n<strong>Rino Borra<\/strong><\/p>\n<p><iframe loading=\"lazy\"  id=\"_ytid_28310\"  width=\"680\" height=\"510\"  data-origwidth=\"680\" data-origheight=\"510\"  src=\"https:\/\/www.youtube.com\/embed\/aFh8UXL80CI?enablejsapi=1&#038;autoplay=0&#038;cc_load_policy=1&#038;iv_load_policy=1&#038;loop=0&#038;modestbranding=1&#038;fs=1&#038;playsinline=1&#038;controls=1&#038;color=red&#038;rel=0&#038;autohide=2&#038;theme=dark&#038;\" class=\"__youtube_prefs__  epyt-is-override  no-lazyload\" data-vol=\"0\"  data-epautoplay=\"1\"  title=\"YouTube player\"  allow=\"autoplay; encrypted-media\" allowfullscreen data-no-lazy=\"1\" data-skipgform_ajax_framebjll=\"\"><\/iframe><\/p>\n","protected":false},"excerpt":{"rendered":"<p>La storia della radio libera in FM italiana ha una data che rappresenta la chiave\u00a0 di tutte le vicende:\u00a0 il 10 marzo 1975. Per l&#8217;occasione ci scrive Rino Borra: &#8220;Quel giorno fece capolino a Milano, sui 101 MegaHertz della Modulazione di Frequenza (FM), uno dei primi segnali pirata. Fino al&#8230;<\/p>\n","protected":false},"author":1,"featured_media":33277,"comment_status":"closed","ping_status":"closed","sticky":false,"template":"","format":"standard","meta":{"om_disable_all_campaigns":false,"footnotes":""},"categories":[15,74,61332,14],"tags":[28],"class_list":["post-33273","post","type-post","status-publish","format-standard","has-post-thumbnail","hentry","category-canali-radio","category-media","category-memorie-della-radio-e-della-tv","category-radio","tag-audio-radio-alta-frequenza"],"_links":{"self":[{"href":"https:\/\/www.monitor-radiotv.it\/w\/wp-json\/wp\/v2\/posts\/33273","targetHints":{"allow":["GET"]}}],"collection":[{"href":"https:\/\/www.monitor-radiotv.it\/w\/wp-json\/wp\/v2\/posts"}],"about":[{"href":"https:\/\/www.monitor-radiotv.it\/w\/wp-json\/wp\/v2\/types\/post"}],"author":[{"embeddable":true,"href":"https:\/\/www.monitor-radiotv.it\/w\/wp-json\/wp\/v2\/users\/1"}],"replies":[{"embeddable":true,"href":"https:\/\/www.monitor-radiotv.it\/w\/wp-json\/wp\/v2\/comments?post=33273"}],"version-history":[{"count":8,"href":"https:\/\/www.monitor-radiotv.it\/w\/wp-json\/wp\/v2\/posts\/33273\/revisions"}],"predecessor-version":[{"id":33288,"href":"https:\/\/www.monitor-radiotv.it\/w\/wp-json\/wp\/v2\/posts\/33273\/revisions\/33288"}],"wp:featuredmedia":[{"embeddable":true,"href":"https:\/\/www.monitor-radiotv.it\/w\/wp-json\/wp\/v2\/media\/33277"}],"wp:attachment":[{"href":"https:\/\/www.monitor-radiotv.it\/w\/wp-json\/wp\/v2\/media?parent=33273"}],"wp:term":[{"taxonomy":"category","embeddable":true,"href":"https:\/\/www.monitor-radiotv.it\/w\/wp-json\/wp\/v2\/categories?post=33273"},{"taxonomy":"post_tag","embeddable":true,"href":"https:\/\/www.monitor-radiotv.it\/w\/wp-json\/wp\/v2\/tags?post=33273"}],"curies":[{"name":"wp","href":"https:\/\/api.w.org\/{rel}","templated":true}]}}