{"id":33452,"date":"2021-03-26T17:10:10","date_gmt":"2021-03-26T16:10:10","guid":{"rendered":"https:\/\/www.monitor-radiotv.it\/w\/?p=33452"},"modified":"2021-03-26T17:10:10","modified_gmt":"2021-03-26T16:10:10","slug":"a-dazn-i-diritti-tv-della-serie-a-di-calcio","status":"publish","type":"post","link":"https:\/\/www.monitor-radiotv.it\/w\/a-dazn-i-diritti-tv-della-serie-a-di-calcio\/","title":{"rendered":"A DAZN i diritti tv della Serie A di calcio"},"content":{"rendered":"<div id=\"fb-root\"><\/div>\n<p><a href=\"https:\/\/www.dazn.com\/it-IT\/home\" target=\"_blank\" rel=\"noopener noreferrer\">DAZN<\/a> trasmetter\u00e0 le partite del campionato di Serie A nel triennio 2021-2024: si \u00e8 infatti aggiudicata il bando per l&#8217;assegnazione dei diritti TV della Lega Serie A.<\/p>\n<p><img loading=\"lazy\" decoding=\"async\" class=\" wp-image-23744 alignright\" src=\"https:\/\/www.monitor-radiotv.it\/w\/wp-content\/uploads\/2019\/10\/calcio2.jpg\" alt=\"\" width=\"291\" height=\"194\" srcset=\"https:\/\/www.monitor-radiotv.it\/w\/wp-content\/uploads\/2019\/10\/calcio2.jpg 500w, https:\/\/www.monitor-radiotv.it\/w\/wp-content\/uploads\/2019\/10\/calcio2-150x100.jpg 150w, https:\/\/www.monitor-radiotv.it\/w\/wp-content\/uploads\/2019\/10\/calcio2-300x200.jpg 300w, https:\/\/www.monitor-radiotv.it\/w\/wp-content\/uploads\/2019\/10\/calcio2-400x266.jpg 400w\" sizes=\"auto, (max-width: 291px) 100vw, 291px\" \/>La piattaforma prender\u00e0 il posto di Sky come broadcaster di riferimento del campionato italiano di calcio.<\/p>\n<p>DAZN ha investito <strong>840 milioni di euro<\/strong> a stagione per i prossimi tre anni per i <strong>pacchetti 1 e 3<\/strong> del bando relativo ai diritti TV della Serie A.<br \/>\nTrasmetter\u00e0 tutte le partite del campionato di Serie A, tra le quali sette in esclusiva e tre in co-esclusiva per ogni giornata.<\/p>\n<p>Il responso finale, dopo una lunga e faticosa fase di discussione, \u00e8 arrivato a pochi giorni dalla scadenza delle proposte. In assemblea di Lega l&#8217;offerta di DAZN ha ricevuto 16 voti a favore e quattro contrari.<\/p>\n","protected":false},"excerpt":{"rendered":"<p>DAZN trasmetter\u00e0 le partite del campionato di Serie A nel triennio 2021-2024: si \u00e8 infatti aggiudicata il bando per l&#8217;assegnazione dei diritti TV della Lega Serie A. La piattaforma prender\u00e0 il posto di Sky come broadcaster di riferimento del campionato italiano di calcio. DAZN ha investito 840 milioni di euro&#8230;<\/p>\n","protected":false},"author":12,"featured_media":18323,"comment_status":"closed","ping_status":"closed","sticky":false,"template":"","format":"standard","meta":{"om_disable_all_campaigns":false,"footnotes":""},"categories":[9,99,90],"tags":[22],"class_list":["post-33452","post","type-post","status-publish","format-standard","has-post-thumbnail","hentry","category-canali-tv","category-riprese-video","category-trasmissione-ip","tag-primo-piano"],"_links":{"self":[{"href":"https:\/\/www.monitor-radiotv.it\/w\/wp-json\/wp\/v2\/posts\/33452","targetHints":{"allow":["GET"]}}],"collection":[{"href":"https:\/\/www.monitor-radiotv.it\/w\/wp-json\/wp\/v2\/posts"}],"about":[{"href":"https:\/\/www.monitor-radiotv.it\/w\/wp-json\/wp\/v2\/types\/post"}],"author":[{"embeddable":true,"href":"https:\/\/www.monitor-radiotv.it\/w\/wp-json\/wp\/v2\/users\/12"}],"replies":[{"embeddable":true,"href":"https:\/\/www.monitor-radiotv.it\/w\/wp-json\/wp\/v2\/comments?post=33452"}],"version-history":[{"count":1,"href":"https:\/\/www.monitor-radiotv.it\/w\/wp-json\/wp\/v2\/posts\/33452\/revisions"}],"predecessor-version":[{"id":33453,"href":"https:\/\/www.monitor-radiotv.it\/w\/wp-json\/wp\/v2\/posts\/33452\/revisions\/33453"}],"wp:featuredmedia":[{"embeddable":true,"href":"https:\/\/www.monitor-radiotv.it\/w\/wp-json\/wp\/v2\/media\/18323"}],"wp:attachment":[{"href":"https:\/\/www.monitor-radiotv.it\/w\/wp-json\/wp\/v2\/media?parent=33452"}],"wp:term":[{"taxonomy":"category","embeddable":true,"href":"https:\/\/www.monitor-radiotv.it\/w\/wp-json\/wp\/v2\/categories?post=33452"},{"taxonomy":"post_tag","embeddable":true,"href":"https:\/\/www.monitor-radiotv.it\/w\/wp-json\/wp\/v2\/tags?post=33452"}],"curies":[{"name":"wp","href":"https:\/\/api.w.org\/{rel}","templated":true}]}}