{"id":341,"date":"2012-07-27T16:00:56","date_gmt":"2012-07-27T15:00:56","guid":{"rendered":"http:\/\/www.monitor-radiotv.it\/wp\/?p=341"},"modified":"2019-11-15T11:05:39","modified_gmt":"2019-11-15T10:05:39","slug":"aja-video-systems-presenta-il-recorder-4k-per-la-nuova-camera-canon-c500","status":"publish","type":"post","link":"https:\/\/www.monitor-radiotv.it\/w\/aja-video-systems-presenta-il-recorder-4k-per-la-nuova-camera-canon-c500\/","title":{"rendered":"Aja Video Systems presenta il recorder 4k per la nuova camera Canon C500"},"content":{"rendered":"<div id=\"fb-root\"><\/div>\n<p><img decoding=\"async\" src=\"\/\/www.monitor-radiotv.it\/wp\/wp-content\/plugins\/rss-poster\/cache\/574a6_aja1.jpg\" align=\"right\" \/><b>Presto disponibile la versione del registratore a stato solido Aja Ki Pro per la <a href=\"http:\/\/www.canon-europa.com\" title=\"Canon\">Canon<\/a> EOS C500<\/b><br \/>\nLanciato all\u2019ultimo <a href=\"http:\/\/www.nab.org\" title=\"NAB\">NAB<\/a>, \u00e8 ora in dirittura d\u2019arrivo il Ki Pro Quad, la versione del registratore a stato solido della <a href=\"http:\/\/www.monitor-radiotv.com\/openxlink.shtml?http:\/\/www.aja.com\">Aja Video Systems<\/a> studiata espressamente per l\u2019impiego con la <a href=\"http:\/\/www.canon-europa.com\" title=\"Canon\">Canon<\/a> EOS C500, la telecamera capace di catturare filmati fino al formato 4K. Come la sorella minore C300, la C500 dispone di un doppio slot per schede di memoria Compact Flash che per\u00f2 permettono di registrare soltanto in formato HD. Per la registrazione del formato 4K non compresso occorrerebbe collegare alla doppia uscita 3G-SDI un registratore esterno che sia in grado di gestire un flusso di dati di circa 6 Gbps, apparecchiatura in genere molto costosa oltre che ingombrante. <\/p>\n<p><img decoding=\"async\" src=\"\/\/www.monitor-radiotv.it\/wp\/wp-content\/plugins\/rss-poster\/cache\/bba8a_aja2.jpg\" align=\"right\" \/>L\u2019alternativa sfruttata dal Ki Pro Quad &#8211; il nuovo registratore a stato solido Aja messo a punto grazie a una stretta collaborazione con <a href=\"http:\/\/www.canon-europa.com\" title=\"Canon\">Canon<\/a> &#8211; \u00e8 quella di catturare il formato Raw generato dal sensore, vale a dire i dati \u201cgrezzi\u201d non sottoposti ad alcuna elaborazione. La demosaicizzazione (debayer) e la compressione in formato ProRes sono gestiti internamente al Ki Pro Quad e registrati su compatte e robuste unit\u00e0 a stato solido (SSD). <\/p>\n<p>\nNel caso sia richiesto un maggior controllo sul processo di conversione, \u00e8 prevista la possibilit\u00e0 di trasferire i dati Raw in ingresso a un Mac dotato di porta Thunderbolt, sia collegando direttamente il Ki Pro Quad, sia utilizzando il lettore esterno proposto dalla stessa Aja. Oltre al formato 4K, il registratore supporta anche i formati Quad HD, 2K e HD, con campionamento 4:4:4 o 4:2:2 a 10 bit. <br \/>\nIl Ki Pro Quad dispone di ingressi per segnali di riferimento, timecode, quattro ingressi SDI e altrettante uscite per il collegamento a un monitor con risoluzione 4K. Grazie all\u2019uscita HDMI e al convertitore interno, anche un televisore dotato di questo ingresso pu\u00f2 essere utilizzato per il monitoraggio dei segnali registrati.<\/p>\n<p>\nPer l\u2019audio sono poi presenti due ingressi bilanciati con phantom power e l\u2019uscita per le cuffie. Il Ki Pro Quad pu\u00f2 essere montato direttamente sul rig della telecamera utilizzando gli stessi accessori gi\u00e0 disponibili per Ki Pro Mini, compresa la piastra di montaggio adattabile ai pi\u00f9 diffusi attacchi per batterie professionali, mentre per l\u2019alimentazione \u00e8 presente il classico connettore XLR a 4 pin. Non \u00e8 ancora stato stabilito il prezzo ufficiale per il mercato italiano che dovrebbe comunque aggirarsi intorno ai 4.000 euro, unit\u00e0 a stato solido escluse. <\/p>\n<p>\n<a href=\"http:\/\/www.monitor-radiotv.com\/openxlink.shtml?http:\/\/www.videocine2000.it\"><img decoding=\"async\" src=\"\/\/www.monitor-radiotv.it\/wp\/wp-content\/plugins\/rss-poster\/cache\/bba8a_aja3.jpg\" align=\"right\" \/><\/a><b>I prodotti di AJA Video Systems sono distribuiti in Italia da <a href=\"http:\/\/www.monitor-radiotv.com\/openxlink.shtml?http:\/\/www.videocine2000.it\">Videocine2000<\/a>.<\/b><\/p>\n<p>\nQui di seguito un breve filmato di presentazione e i dati preliminari del KiPro Quad.<\/p>\n<p>\n\n<\/p><\/p>\n","protected":false},"excerpt":{"rendered":"<p>Presto disponibile la versione del registratore a stato solido Aja Ki Pro per la Canon EOS C500 Lanciato all\u2019ultimo NAB, \u00e8 ora in dirittura d\u2019arrivo il Ki Pro Quad, la versione del registratore a stato solido della Aja Video Systems studiata espressamente per l\u2019impiego con la Canon EOS C500, la&#8230;<\/p>\n","protected":false},"author":1,"featured_media":0,"comment_status":"open","ping_status":"open","sticky":false,"template":"","format":"standard","meta":{"om_disable_all_campaigns":false,"footnotes":""},"categories":[11],"tags":[],"class_list":["post-341","post","type-post","status-publish","format-standard","hentry","category-senza-categoria"],"_links":{"self":[{"href":"https:\/\/www.monitor-radiotv.it\/w\/wp-json\/wp\/v2\/posts\/341","targetHints":{"allow":["GET"]}}],"collection":[{"href":"https:\/\/www.monitor-radiotv.it\/w\/wp-json\/wp\/v2\/posts"}],"about":[{"href":"https:\/\/www.monitor-radiotv.it\/w\/wp-json\/wp\/v2\/types\/post"}],"author":[{"embeddable":true,"href":"https:\/\/www.monitor-radiotv.it\/w\/wp-json\/wp\/v2\/users\/1"}],"replies":[{"embeddable":true,"href":"https:\/\/www.monitor-radiotv.it\/w\/wp-json\/wp\/v2\/comments?post=341"}],"version-history":[{"count":1,"href":"https:\/\/www.monitor-radiotv.it\/w\/wp-json\/wp\/v2\/posts\/341\/revisions"}],"predecessor-version":[{"id":25620,"href":"https:\/\/www.monitor-radiotv.it\/w\/wp-json\/wp\/v2\/posts\/341\/revisions\/25620"}],"wp:attachment":[{"href":"https:\/\/www.monitor-radiotv.it\/w\/wp-json\/wp\/v2\/media?parent=341"}],"wp:term":[{"taxonomy":"category","embeddable":true,"href":"https:\/\/www.monitor-radiotv.it\/w\/wp-json\/wp\/v2\/categories?post=341"},{"taxonomy":"post_tag","embeddable":true,"href":"https:\/\/www.monitor-radiotv.it\/w\/wp-json\/wp\/v2\/tags?post=341"}],"curies":[{"name":"wp","href":"https:\/\/api.w.org\/{rel}","templated":true}]}}