{"id":34370,"date":"2021-05-12T11:40:12","date_gmt":"2021-05-12T09:40:12","guid":{"rendered":"https:\/\/www.monitor-radiotv.it\/w\/?p=34370"},"modified":"2021-05-12T11:40:12","modified_gmt":"2021-05-12T09:40:12","slug":"lanostrarai-il-12-maggio-i-presidi-usigrai","status":"publish","type":"post","link":"https:\/\/www.monitor-radiotv.it\/w\/lanostrarai-il-12-maggio-i-presidi-usigrai\/","title":{"rendered":"#LaNostraRai, il 12 maggio i presidi Usigrai"},"content":{"rendered":"<div id=\"fb-root\"><\/div>\n<p>Con la presentazione al parlamento di decine di autocandidature, sono iniziate le grandi manovre per il rinnovo del cda della RAI. Nel contempo si torna a dibattere dell&#8217;annosa questione della riforma della governance.<\/p>\n<p>In tale contesto, per <strong>mercoled\u00ec 12 maggio alle 15<\/strong> l\u2019esecutivo <a href=\"http:\/\/www.usigrai.it\/\" target=\"_blank\" rel=\"noopener noreferrer\">Usigrai <\/a>annuncia <em>\u201cpresidi davanti alle sedi della Rai in diverse citt\u00e0 italiane per chiedere un cda autonomo, indipendente e di alto profilo. E per sollecitare il Parlamento a dare una corsia preferenziale ai disegni di legge di riforma della governance\u201d.<\/em><\/p>\n<p><em><img loading=\"lazy\" decoding=\"async\" class=\"alignright  wp-image-34372\" src=\"https:\/\/www.monitor-radiotv.it\/w\/wp-content\/uploads\/2021\/05\/usigrai2.jpeg\" alt=\"\" width=\"229\" height=\"175\" srcset=\"https:\/\/www.monitor-radiotv.it\/w\/wp-content\/uploads\/2021\/05\/usigrai2.jpeg 457w, https:\/\/www.monitor-radiotv.it\/w\/wp-content\/uploads\/2021\/05\/usigrai2-300x230.jpeg 300w\" sizes=\"auto, (max-width: 229px) 100vw, 229px\" \/>\u201cNel rispetto delle normative anti Covid<\/em> \u2013 specifica il sindacato dei giornalisti Rai \u2013<em> si tratter\u00e0 di piccoli presidi simbolicamente in rappresentanza delle lavoratrici e dei lavoratori della Rai. A Roma sar\u00e0 davanti alla sede di Saxa Rubra. Ma gi\u00e0 si annunciano presidi in contemporanea in diverse citt\u00e0. Le \u2018piazze\u2019 saranno collegate su una piattaforma virtuale come segnale di \u2018unit\u00e0\u2019 di tutti i dipendenti Rai nel chiedere una svolta per il servizio pubblico\u201d.<\/em><\/p>\n<p><em>\u201cFino ad oggi<\/em> \u2013 aggiunge l\u2019Usigrai \u2013 <em>si \u00e8 parlato solo di nomi, poltrone e casacche. La richiesta invece \u00e8 di far precedere la nomina del nuovo cda da un confronto aperto e pubblico sui fini, la missione, gli obiettivi del servizio pubblico. Noi daremo il nostro contributo con idee lanciate sotto l\u2019insegna de #LaNostraRai. E prima di ogni cosa #LaNostraRai deve essere libera dai partiti e dai governi\u201d.<\/em><\/p>\n","protected":false},"excerpt":{"rendered":"<p>Con la presentazione al parlamento di decine di autocandidature, sono iniziate le grandi manovre per il rinnovo del cda della RAI. Nel contempo si torna a dibattere dell&#8217;annosa questione della riforma della governance. In tale contesto, per mercoled\u00ec 12 maggio alle 15 l\u2019esecutivo Usigrai annuncia \u201cpresidi davanti alle sedi della&#8230;<\/p>\n","protected":false},"author":12,"featured_media":34371,"comment_status":"closed","ping_status":"closed","sticky":false,"template":"","format":"standard","meta":{"om_disable_all_campaigns":false,"footnotes":""},"categories":[58086,46051,74,85],"tags":[22],"class_list":["post-34370","post","type-post","status-publish","format-standard","has-post-thumbnail","hentry","category-attualita","category-giornalismo","category-media","category-programmi-tv","tag-primo-piano"],"_links":{"self":[{"href":"https:\/\/www.monitor-radiotv.it\/w\/wp-json\/wp\/v2\/posts\/34370","targetHints":{"allow":["GET"]}}],"collection":[{"href":"https:\/\/www.monitor-radiotv.it\/w\/wp-json\/wp\/v2\/posts"}],"about":[{"href":"https:\/\/www.monitor-radiotv.it\/w\/wp-json\/wp\/v2\/types\/post"}],"author":[{"embeddable":true,"href":"https:\/\/www.monitor-radiotv.it\/w\/wp-json\/wp\/v2\/users\/12"}],"replies":[{"embeddable":true,"href":"https:\/\/www.monitor-radiotv.it\/w\/wp-json\/wp\/v2\/comments?post=34370"}],"version-history":[{"count":1,"href":"https:\/\/www.monitor-radiotv.it\/w\/wp-json\/wp\/v2\/posts\/34370\/revisions"}],"predecessor-version":[{"id":34373,"href":"https:\/\/www.monitor-radiotv.it\/w\/wp-json\/wp\/v2\/posts\/34370\/revisions\/34373"}],"wp:featuredmedia":[{"embeddable":true,"href":"https:\/\/www.monitor-radiotv.it\/w\/wp-json\/wp\/v2\/media\/34371"}],"wp:attachment":[{"href":"https:\/\/www.monitor-radiotv.it\/w\/wp-json\/wp\/v2\/media?parent=34370"}],"wp:term":[{"taxonomy":"category","embeddable":true,"href":"https:\/\/www.monitor-radiotv.it\/w\/wp-json\/wp\/v2\/categories?post=34370"},{"taxonomy":"post_tag","embeddable":true,"href":"https:\/\/www.monitor-radiotv.it\/w\/wp-json\/wp\/v2\/tags?post=34370"}],"curies":[{"name":"wp","href":"https:\/\/api.w.org\/{rel}","templated":true}]}}