{"id":348,"date":"2012-08-03T20:16:53","date_gmt":"2012-08-03T19:16:53","guid":{"rendered":"http:\/\/www.monitor-radiotv.it\/wp\/?p=348"},"modified":"2019-11-15T00:23:48","modified_gmt":"2019-11-14T23:23:48","slug":"watchdog-2012-al-via-il-nuovo-censimento-delle-web-tv-italiane","status":"publish","type":"post","link":"https:\/\/www.monitor-radiotv.it\/w\/watchdog-2012-al-via-il-nuovo-censimento-delle-web-tv-italiane\/","title":{"rendered":"Watchdog 2012, al via il nuovo censimento delle web tv italiane"},"content":{"rendered":"<div id=\"fb-root\"><\/div>\n<p><img decoding=\"async\" src=\"\/\/www.monitor-radiotv.it\/wp\/wp-content\/plugins\/rss-poster\/cache\/5ce82_altratv1.jpg\" align=\"right\" \/>Riparte il monitoraggio annuale dell\u2019osservatorio e network <a href=\"http:\/\/www.monitor-radiotv.com\/openxlink.shtml?http:\/\/www.altratv.tv\">Altratv.tv<\/a>, che per il quinto anno consecutivo torna a fotografare le web tv e i media digitali che denunciano abusi in ogni angolo d&#8217;Italia, fanno inchieste e cercano di creare un filodiretto tra cittadini e Pubblica Amministrazione. <br \/><a href=\"http:\/\/www.monitor-radiotv.com\/openxlink.shtml?http:\/\/www.altratv.tv\/watchdog2012\">La nuova ricerca Watchdog 2012<\/a>  presenter\u00e0 la rete che fa inchiesta, che propone denunce, che veicola iniziative di pubblica utilit\u00e0. Le &#8220;antenne&#8221; italiane potranno rispondere al questionario da oggi e fino a venerd\u00ec 7 settembre. I risultati saranno comunicati a fine settembre.<\/p>\n<p><img decoding=\"async\" src=\"\/\/www.monitor-radiotv.it\/wp\/wp-content\/plugins\/rss-poster\/cache\/e1899_altratv2.jpg\" align=\"right\" \/>Da <b>mercoled\u00ec 1 agosto<\/b> e fino a <b>venerd\u00ec 7 settembre<\/b> tutte le web tv, le web radio, i blog e videoblog, i media territoriali saranno invitati a compilare il questionario online per inquadrare il fenomeno del giornalismo di denuncia sul web.<\/p>\n<p>\nAltratv.tv\u00ae \u00e8 l&#8217;osservatorio italiano sulle web tv e sui media locali posizionati in rete. Attualmente mappa 642 antenne, oltre 30 media universitari e 815 media locali. Dal 2010 \u00e8 anche network: propone dirette \u201ca rete unificata\u201d trasmesse dalle web tv aderenti e dai grandi network editoriali grazie ad uno stesso codice di trasmissione.\n<\/p><\/p>\n","protected":false},"excerpt":{"rendered":"<p>Riparte il monitoraggio annuale dell\u2019osservatorio e network Altratv.tv, che per il quinto anno consecutivo torna a fotografare le web tv e i media digitali che denunciano abusi in ogni angolo d&#8217;Italia, fanno inchieste e cercano di creare un filodiretto tra cittadini e Pubblica Amministrazione. La nuova ricerca Watchdog 2012 presenter\u00e0&#8230;<\/p>\n","protected":false},"author":1,"featured_media":0,"comment_status":"open","ping_status":"open","sticky":false,"template":"","format":"standard","meta":{"om_disable_all_campaigns":false,"footnotes":""},"categories":[11],"tags":[],"class_list":["post-348","post","type-post","status-publish","format-standard","hentry","category-senza-categoria"],"_links":{"self":[{"href":"https:\/\/www.monitor-radiotv.it\/w\/wp-json\/wp\/v2\/posts\/348","targetHints":{"allow":["GET"]}}],"collection":[{"href":"https:\/\/www.monitor-radiotv.it\/w\/wp-json\/wp\/v2\/posts"}],"about":[{"href":"https:\/\/www.monitor-radiotv.it\/w\/wp-json\/wp\/v2\/types\/post"}],"author":[{"embeddable":true,"href":"https:\/\/www.monitor-radiotv.it\/w\/wp-json\/wp\/v2\/users\/1"}],"replies":[{"embeddable":true,"href":"https:\/\/www.monitor-radiotv.it\/w\/wp-json\/wp\/v2\/comments?post=348"}],"version-history":[{"count":1,"href":"https:\/\/www.monitor-radiotv.it\/w\/wp-json\/wp\/v2\/posts\/348\/revisions"}],"predecessor-version":[{"id":25273,"href":"https:\/\/www.monitor-radiotv.it\/w\/wp-json\/wp\/v2\/posts\/348\/revisions\/25273"}],"wp:attachment":[{"href":"https:\/\/www.monitor-radiotv.it\/w\/wp-json\/wp\/v2\/media?parent=348"}],"wp:term":[{"taxonomy":"category","embeddable":true,"href":"https:\/\/www.monitor-radiotv.it\/w\/wp-json\/wp\/v2\/categories?post=348"},{"taxonomy":"post_tag","embeddable":true,"href":"https:\/\/www.monitor-radiotv.it\/w\/wp-json\/wp\/v2\/tags?post=348"}],"curies":[{"name":"wp","href":"https:\/\/api.w.org\/{rel}","templated":true}]}}