{"id":350,"date":"2012-08-09T10:52:03","date_gmt":"2012-08-09T09:52:03","guid":{"rendered":"http:\/\/www.monitor-radiotv.it\/wp\/?p=350"},"modified":"2019-11-15T11:06:33","modified_gmt":"2019-11-15T10:06:33","slug":"tutto-in-48-ore-concorso-mondiale-per-filmaker","status":"publish","type":"post","link":"https:\/\/www.monitor-radiotv.it\/w\/tutto-in-48-ore-concorso-mondiale-per-filmaker\/","title":{"rendered":"Tutto in 48 ore, concorso mondiale per filmaker"},"content":{"rendered":"<div id=\"fb-root\"><\/div>\n<p><img decoding=\"async\" src=\"\/\/www.monitor-radiotv.it\/wp\/wp-content\/plugins\/rss-poster\/cache\/e8eee_481.jpg\" align=\"right\" \/>Sabato 28 luglio scorso si \u00e8 svolta a <a href=\"http:\/\/www.cinecitta.it\" title=\"Cinecitt\u00e0\">Cinecitt\u00e0<\/a> la cerimonia di premiazione del regista vencitore della tappa italiana del concorso <a href=\"http:\/\/www.48hourfilm.com\/it\/roma\/\" target=\"_blank\" rel=\"noopener noreferrer\">\u201cThe 48 Hour Film Project\u201d<\/a>sponsorizzato da <a href=\"http:\/\/www.canon-europa.com\" title=\"Canon\">Canon<\/a>. Il vincitore \u00e8 <b>Adriano Gotti<\/b> con il film <b>Abbiamo tutta la notte<\/b> che sar\u00e0 in competizione nella finale mondiale del concorso.<br \/>\nDue mesi di confronti tra i migliori film-maker d\u2019Italia, dieci vincitori, una squadra ripescata: tutto per decretare il regista che rappresenter\u00e0 l&#8217;Italia. La vittoria di Giotti sar\u00e0 anche il passe-partout per il Festival di Cannes nella sezione \u201cShort Film Corner e, soprattutto, per la possibilit\u00e0 di produrre un corto targato Rai Cinema.<\/p>\n<p><img decoding=\"async\" src=\"\/\/www.monitor-radiotv.it\/wp\/wp-content\/plugins\/rss-poster\/cache\/3825f_482.jpg\" align=\"right\" \/>Alla sfida finale hanno partecipato i dieci registi vincitori di ciascuna tappa italiana: Simone Di Maria (Roma), Francesco Felli (Viterbo), Davide Scovazzo (Genova), Michele Fenu (Torino), Andrea Lanfredi (Ponza), Jonathan Soverchia (Senigallia), Antonio Zanni (Vieste), Luigi Scaglione (Ischia), Americo Melchionda (Reggio Calabria) e Miriam Rizzo (Terrasini \u2013 PA).<br \/>\nSu 20 squadre partecipanti, ben 18 hanno utilizzato prodotti <a href=\"http:\/\/www.canon-europa.com\" title=\"Canon\">Canon<\/a>, tra cui le reflex della serie EOS. In particolare, EOS 5D Mark II o Mark III, la reflex professionale a pieno formato in grado di registrare video Full HD di qualit\u00e0 straordinaria. <a href=\"http:\/\/www.canon-europa.com\" title=\"Canon\">Canon<\/a>, sponsor del progetto e azienda leader nel settore del digital imaging, \u00e8 sempre alla ricerca di giovani talenti, confermando costantemente la sua volont\u00e0 di incoraggiare la creativit\u00e0 e la libert\u00e0 di ripresa.<br \/><i>A questo <a href=\"https:\/\/vimeo.com\/43957479\">LINK<\/a> si pu\u00f2 visionare il film vincitore <b>Abbiamo tutta la notte<\/b> di Adriano Gotti.<\/i>\n<\/p><\/p>\n","protected":false},"excerpt":{"rendered":"<p>Sabato 28 luglio scorso si \u00e8 svolta a Cinecitt\u00e0 la cerimonia di premiazione del regista vencitore della tappa italiana del concorso \u201cThe 48 Hour Film Project\u201dsponsorizzato da Canon. Il vincitore \u00e8 Adriano Gotti con il film Abbiamo tutta la notte che sar\u00e0 in competizione nella finale mondiale del concorso. Due&#8230;<\/p>\n","protected":false},"author":1,"featured_media":0,"comment_status":"open","ping_status":"open","sticky":false,"template":"","format":"standard","meta":{"om_disable_all_campaigns":false,"footnotes":""},"categories":[11],"tags":[],"class_list":["post-350","post","type-post","status-publish","format-standard","hentry","category-senza-categoria"],"_links":{"self":[{"href":"https:\/\/www.monitor-radiotv.it\/w\/wp-json\/wp\/v2\/posts\/350","targetHints":{"allow":["GET"]}}],"collection":[{"href":"https:\/\/www.monitor-radiotv.it\/w\/wp-json\/wp\/v2\/posts"}],"about":[{"href":"https:\/\/www.monitor-radiotv.it\/w\/wp-json\/wp\/v2\/types\/post"}],"author":[{"embeddable":true,"href":"https:\/\/www.monitor-radiotv.it\/w\/wp-json\/wp\/v2\/users\/1"}],"replies":[{"embeddable":true,"href":"https:\/\/www.monitor-radiotv.it\/w\/wp-json\/wp\/v2\/comments?post=350"}],"version-history":[{"count":1,"href":"https:\/\/www.monitor-radiotv.it\/w\/wp-json\/wp\/v2\/posts\/350\/revisions"}],"predecessor-version":[{"id":25623,"href":"https:\/\/www.monitor-radiotv.it\/w\/wp-json\/wp\/v2\/posts\/350\/revisions\/25623"}],"wp:attachment":[{"href":"https:\/\/www.monitor-radiotv.it\/w\/wp-json\/wp\/v2\/media?parent=350"}],"wp:term":[{"taxonomy":"category","embeddable":true,"href":"https:\/\/www.monitor-radiotv.it\/w\/wp-json\/wp\/v2\/categories?post=350"},{"taxonomy":"post_tag","embeddable":true,"href":"https:\/\/www.monitor-radiotv.it\/w\/wp-json\/wp\/v2\/tags?post=350"}],"curies":[{"name":"wp","href":"https:\/\/api.w.org\/{rel}","templated":true}]}}