{"id":372,"date":"2012-09-06T05:50:08","date_gmt":"2012-09-06T04:50:08","guid":{"rendered":"http:\/\/www.monitor-radiotv.it\/wp\/?p=372"},"modified":"2019-11-15T00:25:09","modified_gmt":"2019-11-14T23:25:09","slug":"ad_ibc_panasonic-con-il-nuovo-camcorder-ag-hpx600","status":"publish","type":"post","link":"https:\/\/www.monitor-radiotv.it\/w\/ad_ibc_panasonic-con-il-nuovo-camcorder-ag-hpx600\/","title":{"rendered":"Ad_IBC_Panasonic con il nuovo camcorder AG-HPX600"},"content":{"rendered":"<div id=\"fb-root\"><\/div>\n<p><img decoding=\"async\" src=\"\/\/www.monitor-radiotv.it\/wp\/wp-content\/plugins\/rss-poster\/cache\/3d6ee_pana1.jpg\" align=\"right\" \/>Tra gli altri prodotti che Panasonic presenter\u00e0 ad <a href=\"http:\/\/www.ibc.org\" title=\"IBC Show\">IBC<\/a> (stand 9.D35, 9.C45, 9.D40)ci sar\u00e0 anche l&#8217;AG-HPX600EJ, un nuovo camcorder P2HD. AG-HPX600EJ combina un ottimale rapporto prezzo-prestazioni, facilit\u00e0 d\u2019uso e funzioni espandibili con un design \u201ca prova di futuro\u201d, per soddisfare un\u2019ampia variet\u00e0 di esigenze e adattarsi a diversi usi, dalla produzione d\u2019immagini al broadcasting. <br \/>\nAG-HPX600EJ \u00e8 un modello 2\/3 a spalla, predisposto per accogliere una variet\u00e0 di obiettivi intercambiabili. Il suo corpo compatto assicura una mobilit\u00e0 superiore con il pi\u00f9 basso peso industriale, pari appena a 2,8 kg circa per l\u2019unit\u00e0 principale. <\/p>\n<p><img decoding=\"async\" src=\"\/\/www.monitor-radiotv.it\/wp\/wp-content\/plugins\/rss-poster\/cache\/b7a16_pana2.jpg\" align=\"right\" \/>I nuovi sensori MOS consentono di raggiungere una sensibilit\u00e0 F12 a 59.94Hz o di F13 a 50Hz e riducono il rumore con S\/N di 59 dB (standard). Sono inoltre inclusi i codec Multi HD\/SD, AVC-Intra100\/50, DVCPRO HD, DVCPRO50, DVCPRO e DV. In aggiunta a queste specifiche di base, l\u2019AG-HPX600EJ  offre come opzione aggiuntiva una vasta gamma di funzioni, tra cui quelle di networking e la Variable Frame Rate (VFR). Quest\u2019ultima consente un supporto di sistema a basso costo per numerose e differenti applicazioni. La nuova videocamera supporta inoltre le nuove tecnologie P2HD come il codec AVC-ULTRA e la microP2 card.<\/p>\n<p>\n<b>La AG-HPX600EJ sar\u00e0 disponibile da settembre 2012 al prezzo consigliato di \u20ac13,800 (IVA esclusa).<\/b><\/p>\n<p>\n<\/p>\n<hr \/>\n<p><\/p>\n<p><\/p>\n","protected":false},"excerpt":{"rendered":"<p>Tra gli altri prodotti che Panasonic presenter\u00e0 ad IBC (stand 9.D35, 9.C45, 9.D40)ci sar\u00e0 anche l&#8217;AG-HPX600EJ, un nuovo camcorder P2HD. AG-HPX600EJ combina un ottimale rapporto prezzo-prestazioni, facilit\u00e0 d\u2019uso e funzioni espandibili con un design \u201ca prova di futuro\u201d, per soddisfare un\u2019ampia variet\u00e0 di esigenze e adattarsi a diversi usi, dalla&#8230;<\/p>\n","protected":false},"author":1,"featured_media":0,"comment_status":"open","ping_status":"open","sticky":false,"template":"","format":"standard","meta":{"om_disable_all_campaigns":false,"footnotes":""},"categories":[11],"tags":[],"class_list":["post-372","post","type-post","status-publish","format-standard","hentry","category-senza-categoria"],"_links":{"self":[{"href":"https:\/\/www.monitor-radiotv.it\/w\/wp-json\/wp\/v2\/posts\/372","targetHints":{"allow":["GET"]}}],"collection":[{"href":"https:\/\/www.monitor-radiotv.it\/w\/wp-json\/wp\/v2\/posts"}],"about":[{"href":"https:\/\/www.monitor-radiotv.it\/w\/wp-json\/wp\/v2\/types\/post"}],"author":[{"embeddable":true,"href":"https:\/\/www.monitor-radiotv.it\/w\/wp-json\/wp\/v2\/users\/1"}],"replies":[{"embeddable":true,"href":"https:\/\/www.monitor-radiotv.it\/w\/wp-json\/wp\/v2\/comments?post=372"}],"version-history":[{"count":1,"href":"https:\/\/www.monitor-radiotv.it\/w\/wp-json\/wp\/v2\/posts\/372\/revisions"}],"predecessor-version":[{"id":25285,"href":"https:\/\/www.monitor-radiotv.it\/w\/wp-json\/wp\/v2\/posts\/372\/revisions\/25285"}],"wp:attachment":[{"href":"https:\/\/www.monitor-radiotv.it\/w\/wp-json\/wp\/v2\/media?parent=372"}],"wp:term":[{"taxonomy":"category","embeddable":true,"href":"https:\/\/www.monitor-radiotv.it\/w\/wp-json\/wp\/v2\/categories?post=372"},{"taxonomy":"post_tag","embeddable":true,"href":"https:\/\/www.monitor-radiotv.it\/w\/wp-json\/wp\/v2\/tags?post=372"}],"curies":[{"name":"wp","href":"https:\/\/api.w.org\/{rel}","templated":true}]}}