{"id":378,"date":"2012-09-15T00:49:08","date_gmt":"2012-09-14T23:49:08","guid":{"rendered":"http:\/\/www.monitor-radiotv.it\/wp\/?p=378"},"modified":"2019-11-15T00:31:26","modified_gmt":"2019-11-14T23:31:26","slug":"al-prix-italia-si-parla-di-turchia","status":"publish","type":"post","link":"https:\/\/www.monitor-radiotv.it\/w\/al-prix-italia-si-parla-di-turchia\/","title":{"rendered":"Al Prix Italia si parla di Turchia"},"content":{"rendered":"<div id=\"fb-root\"><\/div>\n<p><img decoding=\"async\" src=\"\/\/www.monitor-radiotv.it\/wp\/wp-content\/plugins\/rss-poster\/cache\/ecbe0_prix1.jpg\" align=\"right\" \/>Dal 16 al 21 settembre 2012 si terr\u00e0 a Torino il 64esimo <a href=\"http:\/\/www.monitor-radiotv.com\/openxlink.shtml?http:\/\/www.prixitalia.rai.it\">Prix Italia<\/a>. Organizzato dall RAI, sotto l\u2019Alto Patronato del Presidente della Repubblica e il Patrocinio del Ministero per i Beni e le Attivit\u00e0 Culturali, \u00e8 il pi\u00f9 antico e prestigioso concorso internazionale per programmi radio, tv e web (fiction, documentari, musica e rappresentazioni artistiche). Concorrono oltre novanta organismi radiotelevisivi, pubblici e privati, dei cinque continenti. <br \/>\nDurante i giorni della manifestazione si svolgeranno molti convegni, workshop e spettacoli di grande interesse culturale<br \/>\nTra gli eventi segnaliamo il dibattito che si terr\u00e0 <b>marted\u00ec 18 settembre alle ore 15,00 <\/b> nella Sala Visioni di via Verdi 16, Torino dal titolo <b>\u201cLe Nuove Frontiere della Coproduzione di Fiction Televisiva. Focus sulla Turchia\u201d<\/b><\/p>\n<p><img decoding=\"async\" src=\"\/\/www.monitor-radiotv.it\/wp\/wp-content\/plugins\/rss-poster\/cache\/f4ab9_prix2.jpg\" width=\"310\" align=\"right\" \/>Al dibattito parteciperanno<br \/>\n* ITV &#8211; Inter Medya Mr. Can OKAN (Distribution and Production)<br \/>\n* ARES MEDIA &#8211; Ms. Elvan ALBAYRAK (FilmTv Series Producer)<br \/>\n* RAI FICTION &#8211; Michele ZATTA (Dirigente \u2013 Lunga Serialit\u00e0)<br \/>\n* RAI Direzione Commerciale \u2013 Sesto CIFOLA (Business Project Development)<br \/>\n* DISCOP &#8211; Ms. Elina NETEROVA (Head of Discopro)<br \/>\n* Associati APT associazione dei produttori televisivi italiani<\/p>\n<p>\n<b>MODERATORI<\/b>: Dom SERAFINI (<a href=\"http:\/\/www.monitor-radiotv.com\/openxlink.shtml?http:\/\/www.videoage.org\">Video Age<\/a>) e Seyda CANEPA (NTV)<\/p>\n<p>\nLo scopo del Forum \u00e8 quello di offrire ai partecipanti al Prix Italia e ai produttori italiani e internazionali, l&#8217;opportunit\u00e0 di saperne di pi\u00f9 sui nuovi modelli di produzione adottati dai produttori turchi. Il Forum intende offrire la possibilit\u00e0 di discutere su come i nuovi modelli possono essere utilizzati per accordi di coproduzione internazionali. <\/p>\n<p>\nLa Turchia rappresenta un potenziale partner strategico per la crescita del suo mercato interno e la sua posizione strategica che porta ai nuovi mercati emergenti, come il Medio Oriente, l&#8217;Asia centrale e l&#8217;Africa.<\/p>\n<p>\nTra i relatori ospiti del Forum ci saranno: <br \/>\nCan Okan (Fondatore e Amministratore Delegato di ITV, societ\u00e0 turca di distribuzione e produzione), Elvan Albayrak (Amministratore Delegato di Ares Media \u2013 societ\u00e0 turca di produzione fiction tv), Michele Zatta (Rai Fiction, Dirigente Lunga Serialit\u00e0 ), Sesto CIFOLA (Business Project Development), Elina Neterova (Head of DISCOPRO) e associati APT.<\/p>\n<p>\nIl dibattito sar\u00e0 co-moderato da Dom Serafini (Editore e Direttore <a href=\"http:\/\/www.monitor-radiotv.com\/openxlink.shtml?http:\/\/www.videoage.org\">VideoAge<\/a>) e Seyda Canepa, corrispondente dall\u2019Italia per il canale turco \u201call news\u201d NTV.<\/p>\n<p>\nA seguire un cocktail offerto da DISCOP ISTANBUL.<\/p>\n<hr \/>\n<p><\/p>\n<hr \/>\n","protected":false},"excerpt":{"rendered":"<p>Dal 16 al 21 settembre 2012 si terr\u00e0 a Torino il 64esimo Prix Italia. Organizzato dall RAI, sotto l\u2019Alto Patronato del Presidente della Repubblica e il Patrocinio del Ministero per i Beni e le Attivit\u00e0 Culturali, \u00e8 il pi\u00f9 antico e prestigioso concorso internazionale per programmi radio, tv e web&#8230;<\/p>\n","protected":false},"author":1,"featured_media":0,"comment_status":"open","ping_status":"open","sticky":false,"template":"","format":"standard","meta":{"om_disable_all_campaigns":false,"footnotes":""},"categories":[11],"tags":[],"class_list":["post-378","post","type-post","status-publish","format-standard","hentry","category-senza-categoria"],"_links":{"self":[{"href":"https:\/\/www.monitor-radiotv.it\/w\/wp-json\/wp\/v2\/posts\/378","targetHints":{"allow":["GET"]}}],"collection":[{"href":"https:\/\/www.monitor-radiotv.it\/w\/wp-json\/wp\/v2\/posts"}],"about":[{"href":"https:\/\/www.monitor-radiotv.it\/w\/wp-json\/wp\/v2\/types\/post"}],"author":[{"embeddable":true,"href":"https:\/\/www.monitor-radiotv.it\/w\/wp-json\/wp\/v2\/users\/1"}],"replies":[{"embeddable":true,"href":"https:\/\/www.monitor-radiotv.it\/w\/wp-json\/wp\/v2\/comments?post=378"}],"version-history":[{"count":1,"href":"https:\/\/www.monitor-radiotv.it\/w\/wp-json\/wp\/v2\/posts\/378\/revisions"}],"predecessor-version":[{"id":25331,"href":"https:\/\/www.monitor-radiotv.it\/w\/wp-json\/wp\/v2\/posts\/378\/revisions\/25331"}],"wp:attachment":[{"href":"https:\/\/www.monitor-radiotv.it\/w\/wp-json\/wp\/v2\/media?parent=378"}],"wp:term":[{"taxonomy":"category","embeddable":true,"href":"https:\/\/www.monitor-radiotv.it\/w\/wp-json\/wp\/v2\/categories?post=378"},{"taxonomy":"post_tag","embeddable":true,"href":"https:\/\/www.monitor-radiotv.it\/w\/wp-json\/wp\/v2\/tags?post=378"}],"curies":[{"name":"wp","href":"https:\/\/api.w.org\/{rel}","templated":true}]}}