{"id":38013,"date":"2022-02-17T15:52:28","date_gmt":"2022-02-17T14:52:28","guid":{"rendered":"https:\/\/www.monitor-radiotv.it\/w\/?p=38013"},"modified":"2022-02-17T15:52:30","modified_gmt":"2022-02-17T14:52:30","slug":"avid-non-partecipera-a-nessuna-fiera-del-broadcast-nel-2022-la-scelta-fara-tendenza","status":"publish","type":"post","link":"https:\/\/www.monitor-radiotv.it\/w\/avid-non-partecipera-a-nessuna-fiera-del-broadcast-nel-2022-la-scelta-fara-tendenza\/","title":{"rendered":"Avid non parteciper\u00e0 a nessuna fiera del broadcast nel 2022. La scelta far\u00e0 tendenza ?"},"content":{"rendered":"<div id=\"fb-root\"><\/div>\n<p><strong><em><a href=\"https:\/\/www.aviditalia.it\/\" target=\"_blank\" rel=\"noopener\">Avid Technology<\/a> \u00e8 una di quelle aziende che da molti anni dettano la linea per il percorso di sviluppo delle tecnologie nella creazione, gestione organizzazione, distribuzione e monetizzazione dei contenuti audio, video, grafica.<\/em><\/strong><\/p>\n<p><a href=\"https:\/\/www.avid.com\" target=\"_blank\" rel=\"noopener\"><strong>Avid Everywhere&#x2122; <\/strong><\/a>fornisce una piattaforma multimediale completa, innovativa e aperta, con una stretta connessione tra creazione di contenuti e collaborazione, protezione delle risorse, distribuzione e consumo. Le aziende del settore dei media e i professionisti creativi utilizzano le soluzioni Avid per dare vita al produzioni famose su scala mondiale: dai film pi\u00f9 prestigiosi e premiati a spettacoli TV, notiziari ed eventi sportivi trasmessi in TV, nonch\u00e9 la maggior parte dei brani musicali e dei concerti live.<\/p>\n<p><a href=\"https:\/\/www.monitor-radiotv.it\/w\/wp-content\/uploads\/2022\/02\/rosica.jpeg\" rel=\"attachment wp-att-38018\"><img loading=\"lazy\" decoding=\"async\" class=\"wp-image-38018 size-full alignleft\" src=\"https:\/\/www.monitor-radiotv.it\/w\/wp-content\/uploads\/2022\/02\/rosica.jpeg\" alt=\"\" width=\"300\" height=\"168\" \/><\/a>Con queste referenze \u00e8 interessante ascoltare il parere del \u2018capo\u2019 dell\u2019azienda americana sul futuro del settore, con particolare attenzione a come si dovrebbero comportare i <strong>produttori di hardware e software<\/strong> per \u2018incontrare\u2019 di nuovo il mercato in modo efficace durante o subito dopo la pandemia .<br \/>\n<strong>Jeff Rosica<\/strong>,CEO di Avid, \u00e8 da oltre 30 anni ai vertici di aziende del settore broadcast da Philips a Technicolor a Grass Valley, in <a href=\"https:\/\/www.tvtechnology.com\/news\/avid-ceo-discusses-decision-to-skip-major-trade-shows-in-2022\" target=\"_blank\" rel=\"noopener\">un\u2019intervista a TvTech<\/a> ha motivato la decisione aziendale di ritirarsi per tutto il 2022 dalle grandi manifestazioni fieristiche a livello mondiale. Niente IBC, n\u00e9 NAB, n\u00e9 NAMM.<\/p>\n<p>La decisione presa \u00e8 maturata dopo avere visitato il CES Show di gennaio, la prima manifestazione che ha \u2018tentato\u2019 di riaprire. Secondo Jeff non \u00e8 stato un successo e sono emerse tutte le difficolt\u00e0 a riportare in presenza le persone mantenendo la sicurezza sanitaria.<\/p>\n<p><em><a href=\"https:\/\/www.monitor-radiotv.it\/w\/wp-content\/uploads\/2022\/02\/IBC-BLOG-003.jpg\" rel=\"attachment wp-att-38019\"><img loading=\"lazy\" decoding=\"async\" class=\"wp-image-38022  alignright\" src=\"https:\/\/www.monitor-radiotv.it\/w\/wp-content\/uploads\/2022\/02\/IBC-BLOG-003.jpg\" alt=\"\" width=\"458\" height=\"258\" srcset=\"https:\/\/www.monitor-radiotv.it\/w\/wp-content\/uploads\/2022\/02\/IBC-BLOG-003.jpg 600w, https:\/\/www.monitor-radiotv.it\/w\/wp-content\/uploads\/2022\/02\/IBC-BLOG-003-300x169.jpg 300w\" sizes=\"auto, (max-width: 458px) 100vw, 458px\" \/><\/a>&#8220;C\u2019\u00e8 da tenere presente che fiere come il NAB o l\u2019IBC rappresentano un costo enorme per le grandi aziende e se non si riescono a generare i ritorni commerciali sperati bisogna percorrere strade alternative per intercettare il mercato&#8221;<\/em> afferma<strong> Jeff Rosica<\/strong>.<\/p>\n<p><em>&#8220;Nel corso di quest\u2019anno le nostre proposte saranno \u201con the road\u201d. Andremo citt\u00e0 per citt\u00e0, con manifestazioni pi\u00f9 piccole. Cos\u00ec, rispettando le regole, sar\u00e0 consentito alle persone di incontrarsi ugualmente. Pensiamo che questo sia un approccio pi\u00f9 sicuro, anche dal punto di vista sanitario, e in grado di garantire comunque un buon risultato per Avid e i nostri clienti&#8221;.<\/em><\/p>\n<p><a href=\"https:\/\/www.monitor-radiotv.it\/w\/avid-non-partecipera-a-nessuna-fiera-del-broadcast-nel-2022-la-scelta-fara-tendenza\/avid3-4\/\" rel=\"attachment wp-att-38024\"><img loading=\"lazy\" decoding=\"async\" class=\" wp-image-38024 alignright\" src=\"https:\/\/www.monitor-radiotv.it\/w\/wp-content\/uploads\/2022\/02\/avid3.jpg\" alt=\"\" width=\"458\" height=\"258\" srcset=\"https:\/\/www.monitor-radiotv.it\/w\/wp-content\/uploads\/2022\/02\/avid3.jpg 600w, https:\/\/www.monitor-radiotv.it\/w\/wp-content\/uploads\/2022\/02\/avid3-300x169.jpg 300w\" sizes=\"auto, (max-width: 458px) 100vw, 458px\" \/><\/a>Alla domanda dell\u2019intervistatore: \u201c<em>Questo road show richieder\u00e0 di attrezzare un grande truck con tutta la tecnologia o pensate di utilizzare dei centri conferenze locali?<\/em>\u201d<strong> Jeff Rosica<\/strong> risponde: <em>&#8220;Inizialmente non realizzeremo camion mobili perch\u00e9 \u00e8 limitante. A livello globale un camion non pu\u00f2 arrivare ovunque. Fondamentalmente saranno protagonisti i bauli e le flight case utilizzati per le spedizioni. A volte saremo negli hotel, ma collaboreremo anche con i clienti nelle loro strutture e\u00a0 studi per ospitare gli eventi. Collaboreremo anche con molti partner di canale locali e con tutti i partner tecnologici con cui gi\u00e0 abbiamo rapporti&#8221;<\/em>.<\/p>\n<p>Saranno presentazioni orientate ai diversi mercati verticali come la trasmissione, la post-produzione e l&#8217;audio professionale e, naturalmente, trasmissioni e media.<\/p>\n<p>Un<strong> cambio di strategia<\/strong> che ci aspettiamo trover\u00e0 il consenso di altri operatori del settore molto pi\u00f9 che in altre occasioni del passato.\u00a0 La ripresa delle grandi fiere del settore a pieno regime sar\u00e0 molto difficoltosa, anche perch\u00e9, come afferma <strong>Jeff Rosica<\/strong>: <em>\u201cGli organizzatori di grandi \u00a0eventi dovrebbero rendersi conto che occorre innanzitutto ridimensionare i costi per gli spazi espositivi, oggi troppo elevati alla luce dell\u2019inevitabile calo di visitatori\u201d.<\/em><\/p>\n<p>Se sar\u00e0 addio o arrivederci al 2023 per le grandi fiere di settore solo i prossimi mesi lo diranno.<\/p>\n","protected":false},"excerpt":{"rendered":"<p>Avid Technology \u00e8 una di quelle aziende che da molti anni dettano la linea per il percorso di sviluppo delle tecnologie nella creazione, gestione organizzazione, distribuzione e monetizzazione dei contenuti audio, video, grafica. Avid Everywhere&#x2122; fornisce una piattaforma multimediale completa, innovativa e aperta, con una stretta connessione tra creazione di&#8230;<\/p>\n","protected":false},"author":1,"featured_media":38016,"comment_status":"closed","ping_status":"closed","sticky":false,"template":"","format":"standard","meta":{"om_disable_all_campaigns":false,"footnotes":""},"categories":[74,87,13,12],"tags":[27],"class_list":["post-38013","post","type-post","status-publish","format-standard","has-post-thumbnail","hentry","category-media","category-post-produzione","category-produzione-audio","category-produzione-video","tag-video-tv-alta-frequenza"],"_links":{"self":[{"href":"https:\/\/www.monitor-radiotv.it\/w\/wp-json\/wp\/v2\/posts\/38013","targetHints":{"allow":["GET"]}}],"collection":[{"href":"https:\/\/www.monitor-radiotv.it\/w\/wp-json\/wp\/v2\/posts"}],"about":[{"href":"https:\/\/www.monitor-radiotv.it\/w\/wp-json\/wp\/v2\/types\/post"}],"author":[{"embeddable":true,"href":"https:\/\/www.monitor-radiotv.it\/w\/wp-json\/wp\/v2\/users\/1"}],"replies":[{"embeddable":true,"href":"https:\/\/www.monitor-radiotv.it\/w\/wp-json\/wp\/v2\/comments?post=38013"}],"version-history":[{"count":6,"href":"https:\/\/www.monitor-radiotv.it\/w\/wp-json\/wp\/v2\/posts\/38013\/revisions"}],"predecessor-version":[{"id":38026,"href":"https:\/\/www.monitor-radiotv.it\/w\/wp-json\/wp\/v2\/posts\/38013\/revisions\/38026"}],"wp:featuredmedia":[{"embeddable":true,"href":"https:\/\/www.monitor-radiotv.it\/w\/wp-json\/wp\/v2\/media\/38016"}],"wp:attachment":[{"href":"https:\/\/www.monitor-radiotv.it\/w\/wp-json\/wp\/v2\/media?parent=38013"}],"wp:term":[{"taxonomy":"category","embeddable":true,"href":"https:\/\/www.monitor-radiotv.it\/w\/wp-json\/wp\/v2\/categories?post=38013"},{"taxonomy":"post_tag","embeddable":true,"href":"https:\/\/www.monitor-radiotv.it\/w\/wp-json\/wp\/v2\/tags?post=38013"}],"curies":[{"name":"wp","href":"https:\/\/api.w.org\/{rel}","templated":true}]}}