{"id":391,"date":"2012-09-28T16:36:21","date_gmt":"2012-09-28T15:36:21","guid":{"rendered":"http:\/\/www.monitor-radiotv.it\/wp\/?p=391"},"modified":"2019-11-15T12:01:09","modified_gmt":"2019-11-15T11:01:09","slug":"quantel-si-reinventa","status":"publish","type":"post","link":"https:\/\/www.monitor-radiotv.it\/w\/quantel-si-reinventa\/","title":{"rendered":"Quantel si reinventa"},"content":{"rendered":"<div id=\"fb-root\"><\/div>\n<p><img decoding=\"async\" src=\"\/\/www.monitor-radiotv.it\/wp\/wp-content\/plugins\/rss-poster\/cache\/9d830_quantel1.jpg\" align=\"right\" \/>Pablo Rio (acronimo di Reinvented, Interactive, Open) \u00e8 la novit\u00e0 di <a href=\"http:\/\/www.quantel.com\" title=\"Quantel\">Quantel<\/a> per la correzione colore e il finishing. Proposto come soluzione software-only, Pablo Rio pu\u00f2 essere acquistato anche come sistema completo di PC con Windows 7, pannello di controllo Neo o Neo Nano e unit\u00e0 di storage. Gli strumenti offerti per il trattamento del video con risoluzione fino a 4K o in stereo 3D sono gli stessi dei sistemi integrati Pablo e l\u2019immediatezza di interazione \u00e8 resa possibile dall\u2019impiego delle pi\u00f9 recenti schede grafiche NVIDIA Quadro e Tesla basate sulla tecnologia Maximus. <\/p>\n<p><img decoding=\"async\" src=\"\/\/www.monitor-radiotv.it\/wp\/wp-content\/plugins\/rss-poster\/cache\/54703_quantel3.jpg\" align=\"right\" \/><img decoding=\"async\" src=\"\/\/www.monitor-radiotv.it\/wp\/wp-content\/plugins\/rss-poster\/cache\/6f428_quantel2.jpg\" align=\"right\" \/>La particolarit\u00e0 di Pablo Rio \u00e8 costituita dal fatto che il sistema pu\u00f2 essere letteralmente \u201cconfezionato\u201d su misura, dotandolo dell\u2019hardware necessario per l\u2019ingresso e l\u2019uscita del video o limitandosi alla connettivit\u00e0 in rete locale. <\/p>\n<p>\nPer quanto riguarda l\u2019archiviazione del materiale, Pablo Rio pu\u00f2 gestire unit\u00e0 NAS o SAN collegate alla rete locale e, grazie alla tecnologia soft-mount, \u00e8 possibile iniziare a lavorare immediatamente senza dover attendere che il materiale sia importato nello spazio di lavoro. Tutti i pi\u00f9 recenti formati video di acquisizione \u2013 RED HDRx, Arriraw, <a href=\"http:\/\/www.canon-europa.com\" title=\"Canon\">Canon<\/a> EOS Cinema, Phantom e <a href=\"http:\/\/www.monitor-radiotv.com\/phoenix\/html\/modules.php?op=modloadname=Web_Linksfile=indexreq=visitlid=345\" title=\"Sony\">Sony<\/a> F65 \u2013 possono essere gestiti direttamente. <\/p>\n<p>\nAnche Pablo Rio potr\u00e0 poi contare sul mocha Planar Tracker che <a href=\"http:\/\/www.quantel.com\" title=\"Quantel\">Quantel<\/a> offrir\u00e0 gratuitamente per tutti i propri sistemi di correzione colore e finishing con la versione 5 del software dal prossimo ottobre. Con mocha Planar Tracker \u00e8 sufficiente isolare l\u2019elemento da tracciare con una qualsiasi forma curva per generare automaticamente una maschera alla quale \u00e8 poi possibile applicare una correzione colore.\n<\/p><\/p>\n","protected":false},"excerpt":{"rendered":"<p>Pablo Rio (acronimo di Reinvented, Interactive, Open) \u00e8 la novit\u00e0 di Quantel per la correzione colore e il finishing. Proposto come soluzione software-only, Pablo Rio pu\u00f2 essere acquistato anche come sistema completo di PC con Windows 7, pannello di controllo Neo o Neo Nano e unit\u00e0 di storage. Gli strumenti&#8230;<\/p>\n","protected":false},"author":1,"featured_media":0,"comment_status":"open","ping_status":"open","sticky":false,"template":"","format":"standard","meta":{"om_disable_all_campaigns":false,"footnotes":""},"categories":[11],"tags":[],"class_list":["post-391","post","type-post","status-publish","format-standard","hentry","category-senza-categoria"],"_links":{"self":[{"href":"https:\/\/www.monitor-radiotv.it\/w\/wp-json\/wp\/v2\/posts\/391","targetHints":{"allow":["GET"]}}],"collection":[{"href":"https:\/\/www.monitor-radiotv.it\/w\/wp-json\/wp\/v2\/posts"}],"about":[{"href":"https:\/\/www.monitor-radiotv.it\/w\/wp-json\/wp\/v2\/types\/post"}],"author":[{"embeddable":true,"href":"https:\/\/www.monitor-radiotv.it\/w\/wp-json\/wp\/v2\/users\/1"}],"replies":[{"embeddable":true,"href":"https:\/\/www.monitor-radiotv.it\/w\/wp-json\/wp\/v2\/comments?post=391"}],"version-history":[{"count":1,"href":"https:\/\/www.monitor-radiotv.it\/w\/wp-json\/wp\/v2\/posts\/391\/revisions"}],"predecessor-version":[{"id":25646,"href":"https:\/\/www.monitor-radiotv.it\/w\/wp-json\/wp\/v2\/posts\/391\/revisions\/25646"}],"wp:attachment":[{"href":"https:\/\/www.monitor-radiotv.it\/w\/wp-json\/wp\/v2\/media?parent=391"}],"wp:term":[{"taxonomy":"category","embeddable":true,"href":"https:\/\/www.monitor-radiotv.it\/w\/wp-json\/wp\/v2\/categories?post=391"},{"taxonomy":"post_tag","embeddable":true,"href":"https:\/\/www.monitor-radiotv.it\/w\/wp-json\/wp\/v2\/tags?post=391"}],"curies":[{"name":"wp","href":"https:\/\/api.w.org\/{rel}","templated":true}]}}