{"id":39916,"date":"2022-07-28T15:50:19","date_gmt":"2022-07-28T13:50:19","guid":{"rendered":"https:\/\/www.monitor-radiotv.it\/w\/?p=39916"},"modified":"2022-07-28T15:50:19","modified_gmt":"2022-07-28T13:50:19","slug":"banijay-acquisira-sony-pictures-television-germany","status":"publish","type":"post","link":"https:\/\/www.monitor-radiotv.it\/w\/banijay-acquisira-sony-pictures-television-germany\/","title":{"rendered":"Banijay acquisir\u00e0 Sony Pictures Television Germany"},"content":{"rendered":"<div id=\"fb-root\"><\/div>\n<h4><em><strong>Il gruppo di produzione Banijay acquisir\u00e0 Sony Pictures Television Germany da Sony Pictures Television. I dettagli finanziari non sono stati divulgati.<\/strong><\/em><\/h4>\n<div id=\"attachment_39926\" class=\"wp-caption alignright\" style=\"width: 363px\"><a href=\"https:\/\/www.monitor-radiotv.it\/w\/wp-content\/uploads\/2022\/07\/ds-dhdl-loewen-580.jpeg\"><img loading=\"lazy\" decoding=\"async\" class=\" wp-image-39926\" src=\"https:\/\/www.monitor-radiotv.it\/w\/wp-content\/uploads\/2022\/07\/ds-dhdl-loewen-580.jpeg\" alt=\"\" width=\"363\" height=\"225\" srcset=\"https:\/\/www.monitor-radiotv.it\/w\/wp-content\/uploads\/2022\/07\/ds-dhdl-loewen-580.jpeg 580w, https:\/\/www.monitor-radiotv.it\/w\/wp-content\/uploads\/2022\/07\/ds-dhdl-loewen-580-300x186.jpeg 300w, https:\/\/www.monitor-radiotv.it\/w\/wp-content\/uploads\/2022\/07\/ds-dhdl-loewen-580-500x308.jpeg 500w\" sizes=\"auto, (max-width: 363px) 100vw, 363px\" \/><\/a><p class=\"wp-caption-text\">Die H\u00f6hle der L\u00f6wen<\/p><\/div>\n<p>Guidata da <strong>Astrid Quentell<\/strong> e <strong>Mirek Nitsch<\/strong>, che rimarranno in carica, l&#8217;azienda, che presto cambier\u00e0 nome, entrer\u00e0 a far parte del portafoglio di marchi di <a href=\"https:\/\/banijay.de\/\" target=\"_blank\" rel=\"noopener\"><strong>Banijay Germania<\/strong><\/a>. L&#8217;accordo, che \u00e8 soggetto alle consuete condizioni di chiusura, inclusa l&#8217;approvazione normativa, amplier\u00e0 la sua offerta locale e vedr\u00e0 la propriet\u00e0 intellettuale esistente unirsi al catalogo di 130.000 ore del gruppo globale.<\/p>\n<p>Con sede a Colonia e attiva da oltre 25 anni, <a href=\"https:\/\/www.sonypictures-tv.de\/\" target=\"_blank\" rel=\"noopener\"><strong>Sony Pictures Television Germany<\/strong><\/a> \u00e8 diventata la sede di popolari formati di intrattenimento e produzioni sceneggiate come la pluripremiata serie <strong>Die H\u00f6hle der L\u00f6wen<\/strong> (su VOX dal 2014), <strong>Der Lehrer<\/strong> (9 stagioni su RTL ), e la serie poliziesca della ZDF <strong>Heldt<\/strong>.<\/p>\n<p><a href=\"https:\/\/www.monitor-radiotv.it\/w\/wp-content\/uploads\/2022\/07\/Marcus-Wolter1.png\"><img loading=\"lazy\" decoding=\"async\" class=\"wp-image-39923 alignleft\" src=\"https:\/\/www.monitor-radiotv.it\/w\/wp-content\/uploads\/2022\/07\/Marcus-Wolter1.png\" alt=\"\" width=\"187\" height=\"119\" srcset=\"https:\/\/www.monitor-radiotv.it\/w\/wp-content\/uploads\/2022\/07\/Marcus-Wolter1.png 747w, https:\/\/www.monitor-radiotv.it\/w\/wp-content\/uploads\/2022\/07\/Marcus-Wolter1-300x191.png 300w, https:\/\/www.monitor-radiotv.it\/w\/wp-content\/uploads\/2022\/07\/Marcus-Wolter1-600x382.png 600w\" sizes=\"auto, (max-width: 187px) 100vw, 187px\" \/><\/a><em>\u201c\u00c8 con grande piacere che do il benvenuto ad Astrid, Mirek e al loro team nella famiglia Banijay! Con i suoi marchi di forte formato e gli alti valori di produzione, l&#8217;entit\u00e0 si inserisce sicuramente perfettamente nel nostro gruppo. Abbiamo sempre creduto nel mantenere l&#8217;indipendenza e l&#8217;individualit\u00e0 delle nostre etichette per plasmare insieme il futuro dell&#8217;intrattenimento e, con il potere di questo gruppo alle spalle, abbiamo piena fiducia che l&#8217;azienda prosperer\u00e0 nella sua nuova casa&#8221;<\/em>, ha affermato <strong>Marcus Wolter<\/strong>, CEO, Banijay Germania.<\/p>\n<p><strong><a href=\"https:\/\/www.monitor-radiotv.it\/w\/wp-content\/uploads\/2022\/07\/MARCO-BASSETTI.jpeg\"><img loading=\"lazy\" decoding=\"async\" class=\" wp-image-39922 alignright\" src=\"https:\/\/www.monitor-radiotv.it\/w\/wp-content\/uploads\/2022\/07\/MARCO-BASSETTI.jpeg\" alt=\"\" width=\"208\" height=\"129\" srcset=\"https:\/\/www.monitor-radiotv.it\/w\/wp-content\/uploads\/2022\/07\/MARCO-BASSETTI.jpeg 570w, https:\/\/www.monitor-radiotv.it\/w\/wp-content\/uploads\/2022\/07\/MARCO-BASSETTI-300x186.jpeg 300w, https:\/\/www.monitor-radiotv.it\/w\/wp-content\/uploads\/2022\/07\/MARCO-BASSETTI-500x308.jpeg 500w\" sizes=\"auto, (max-width: 208px) 100vw, 208px\" \/><\/a>Marco Bassetti<\/strong>, CEO, Banijay ha aggiunto: <em>\u201cTalento, talento, talento: la nostra priorit\u00e0 e al centro del nostro gruppo. Da talenti brillanti nascono idee brillanti e, nel far crescere il nostro collettivo, ci sforziamo di rafforzare ulteriormente il nostro portafoglio di produzioni multigenere di livello mondiale. Con Astrid e Mirek, abbiamo un duo collaudato in grado di sviluppare spettacoli di alta qualit\u00e0 che prosperano a livello locale e hanno l&#8217;universalit\u00e0 per attingere al pubblico a livello globale. Sono un&#8217;aggiunta molto gradita e gratuita alla nostra operazione tedesca guidata da esperti&#8221;.<\/em><\/p>\n<p><strong><a href=\"https:\/\/www.monitor-radiotv.it\/w\/wp-content\/uploads\/2022\/07\/wer-wird-millionaer.png\"><img loading=\"lazy\" decoding=\"async\" class=\"wp-image-39927 alignright\" src=\"https:\/\/www.monitor-radiotv.it\/w\/wp-content\/uploads\/2022\/07\/wer-wird-millionaer.png\" alt=\"\" width=\"347\" height=\"195\" srcset=\"https:\/\/www.monitor-radiotv.it\/w\/wp-content\/uploads\/2022\/07\/wer-wird-millionaer.png 1600w, https:\/\/www.monitor-radiotv.it\/w\/wp-content\/uploads\/2022\/07\/wer-wird-millionaer-300x169.png 300w, https:\/\/www.monitor-radiotv.it\/w\/wp-content\/uploads\/2022\/07\/wer-wird-millionaer-1024x576.png 1024w, https:\/\/www.monitor-radiotv.it\/w\/wp-content\/uploads\/2022\/07\/wer-wird-millionaer-768x432.png 768w, https:\/\/www.monitor-radiotv.it\/w\/wp-content\/uploads\/2022\/07\/wer-wird-millionaer-1536x864.png 1536w, https:\/\/www.monitor-radiotv.it\/w\/wp-content\/uploads\/2022\/07\/wer-wird-millionaer-810x456.png 810w, https:\/\/www.monitor-radiotv.it\/w\/wp-content\/uploads\/2022\/07\/wer-wird-millionaer-600x338.png 600w\" sizes=\"auto, (max-width: 347px) 100vw, 347px\" \/><\/a>Banijay Germany<\/strong> \u00e8 stata fondata nel 2018 da Marcus Wolter e dal gruppo di produzione francese Banijay. Insieme, pi\u00f9 di 1.200 dipendenti sviluppano, creano e producono una vasta gamma di formati di intrattenimento in tutti i generi con titoli tra cui <strong>Tatort Dresden<\/strong>, <strong>Schlag den Star<\/strong> <em>(Beat the Star)<\/em>, <strong>TV Total<\/strong>, <strong>Wer wird Million\u00e4r?<\/strong> <em>(Chi vuol essere milionario?)<\/em>, <strong>Promi Big Brother<\/strong> <em>(Celebrity Big Brother)<\/em>.<\/p>\n","protected":false},"excerpt":{"rendered":"<p>Il gruppo di produzione Banijay acquisir\u00e0 Sony Pictures Television Germany da Sony Pictures Television. I dettagli finanziari non sono stati divulgati. Guidata da Astrid Quentell e Mirek Nitsch, che rimarranno in carica, l&#8217;azienda, che presto cambier\u00e0 nome, entrer\u00e0 a far parte del portafoglio di marchi di Banijay Germania. L&#8217;accordo, che&#8230;<\/p>\n","protected":false},"author":1,"featured_media":39924,"comment_status":"closed","ping_status":"closed","sticky":false,"template":"","format":"standard","meta":{"om_disable_all_campaigns":false,"footnotes":""},"categories":[9,74,12,85],"tags":[22],"class_list":["post-39916","post","type-post","status-publish","format-standard","has-post-thumbnail","hentry","category-canali-tv","category-media","category-produzione-video","category-programmi-tv","tag-primo-piano"],"_links":{"self":[{"href":"https:\/\/www.monitor-radiotv.it\/w\/wp-json\/wp\/v2\/posts\/39916","targetHints":{"allow":["GET"]}}],"collection":[{"href":"https:\/\/www.monitor-radiotv.it\/w\/wp-json\/wp\/v2\/posts"}],"about":[{"href":"https:\/\/www.monitor-radiotv.it\/w\/wp-json\/wp\/v2\/types\/post"}],"author":[{"embeddable":true,"href":"https:\/\/www.monitor-radiotv.it\/w\/wp-json\/wp\/v2\/users\/1"}],"replies":[{"embeddable":true,"href":"https:\/\/www.monitor-radiotv.it\/w\/wp-json\/wp\/v2\/comments?post=39916"}],"version-history":[{"count":4,"href":"https:\/\/www.monitor-radiotv.it\/w\/wp-json\/wp\/v2\/posts\/39916\/revisions"}],"predecessor-version":[{"id":39929,"href":"https:\/\/www.monitor-radiotv.it\/w\/wp-json\/wp\/v2\/posts\/39916\/revisions\/39929"}],"wp:featuredmedia":[{"embeddable":true,"href":"https:\/\/www.monitor-radiotv.it\/w\/wp-json\/wp\/v2\/media\/39924"}],"wp:attachment":[{"href":"https:\/\/www.monitor-radiotv.it\/w\/wp-json\/wp\/v2\/media?parent=39916"}],"wp:term":[{"taxonomy":"category","embeddable":true,"href":"https:\/\/www.monitor-radiotv.it\/w\/wp-json\/wp\/v2\/categories?post=39916"},{"taxonomy":"post_tag","embeddable":true,"href":"https:\/\/www.monitor-radiotv.it\/w\/wp-json\/wp\/v2\/tags?post=39916"}],"curies":[{"name":"wp","href":"https:\/\/api.w.org\/{rel}","templated":true}]}}