{"id":409,"date":"2012-12-05T12:57:08","date_gmt":"2012-12-05T11:57:08","guid":{"rendered":"http:\/\/www.monitor-radiotv.it\/wp\/?p=409"},"modified":"2019-11-15T12:02:12","modified_gmt":"2019-11-15T11:02:12","slug":"panasonic_corporation-presenta-a-novembre-2012-la-nuova-ag-af101a","status":"publish","type":"post","link":"https:\/\/www.monitor-radiotv.it\/w\/panasonic_corporation-presenta-a-novembre-2012-la-nuova-ag-af101a\/","title":{"rendered":"Panasonic_Corporation presenta a novembre 2012 la nuova AG-AF101A"},"content":{"rendered":"<div id=\"fb-root\"><\/div>\n<p><img decoding=\"async\" src=\"\/\/www.monitor-radiotv.it\/wp\/wp-content\/plugins\/rss-poster\/cache\/4f94a_panas1.jpg\" align=\"right\" \/>Il camcorder AG-AF101A di Panasonic con funzione di registrazione in HD per professionisti, \u00e8 dotato di un attacco Micro 4:3. Come per i modelli AG-AF101, AG-AF101A \u00e8 dotata di un attacco per montare un&#8217;ampia gamma di ottiche professionali che comprende le ottiche compatibili Micro 4:3 DSLR (Digital Single Lens Reflex) e le ottiche di tipo broadcast con adattatore. Il modello AG-AF101A \u00e8 inoltre dotato di due ingressi audio con connettori XLR e altre funzioni per soddisfare le necessit\u00e0 dei professionisti.<br \/>\nOltre alla modalit\u00e0 professionale PH ad alta qualit\u00e0 (media approssimativa 21Mbps, fino ad un massimo di 24Mbps), il modello AG-AF101A \u00e8 conforme agli standard AVCHD 2.0 (AVCHD Progressive) nella sua nuova modalit\u00e0 PS (media approssimativa 25Mbps, fino ad un massimo di 28Mbps) per la registrazione e la produzione (esclusivamente via HDMI) d\u2019immagine progressiva Full-HD (1080\/59.94p, 1080\/50p).<\/p>\n<p><img decoding=\"async\" src=\"\/\/www.monitor-radiotv.it\/wp\/wp-content\/plugins\/rss-poster\/cache\/6a2f4_panas2.jpg\" align=\"right\" \/> Le modalit\u00e0 PS\/PH supportano registrazioni audio LPCM a due canali non compresse da 16 bit.<\/p>\n<p>\nIl modello AG-AF101A produce segnali HD con una qualit\u00e0 di 4:2:2 bit attraverso la funzione di output camera live e pu\u00f2 registrare su dispositivi esterni, come il Recorder P2, compatibile con una registrazione ad alta qualit\u00e0 10 bit attraverso l\u2019 SDI. Il registratore sincronizza inoltre Rec Start\/Stop con il camcorder AG-AF101A.<\/p>\n<p>\nIl camcorder AG-AF101A \u00e8 dotata della funzione di focus assist, che consente di ampliare il centro dell\u2019immagine visualizzata, e dell\u2019indicazione della safety zone 2.39:1 (dimensione cinema). <\/p>\n<p>\nLa telecamera, disponibile in Italia a partire da Novembre 2012, \u00e8 stata presentata all\u2019International Broadcast Equipment Exhibition 2012 &#8220;Inter BEE 2012&#8221;, che si \u00e8 tenuto in Giappone (Makuhari Messe &#8211; Chiba) dal 14 al 16 novembre.<\/p>\n<\/p>\n<hr \/>\n","protected":false},"excerpt":{"rendered":"<p>Il camcorder AG-AF101A di Panasonic con funzione di registrazione in HD per professionisti, \u00e8 dotato di un attacco Micro 4:3. Come per i modelli AG-AF101, AG-AF101A \u00e8 dotata di un attacco per montare un&#8217;ampia gamma di ottiche professionali che comprende le ottiche compatibili Micro 4:3 DSLR (Digital Single Lens Reflex)&#8230;<\/p>\n","protected":false},"author":1,"featured_media":0,"comment_status":"open","ping_status":"open","sticky":false,"template":"","format":"standard","meta":{"om_disable_all_campaigns":false,"footnotes":""},"categories":[11],"tags":[],"class_list":["post-409","post","type-post","status-publish","format-standard","hentry","category-senza-categoria"],"_links":{"self":[{"href":"https:\/\/www.monitor-radiotv.it\/w\/wp-json\/wp\/v2\/posts\/409","targetHints":{"allow":["GET"]}}],"collection":[{"href":"https:\/\/www.monitor-radiotv.it\/w\/wp-json\/wp\/v2\/posts"}],"about":[{"href":"https:\/\/www.monitor-radiotv.it\/w\/wp-json\/wp\/v2\/types\/post"}],"author":[{"embeddable":true,"href":"https:\/\/www.monitor-radiotv.it\/w\/wp-json\/wp\/v2\/users\/1"}],"replies":[{"embeddable":true,"href":"https:\/\/www.monitor-radiotv.it\/w\/wp-json\/wp\/v2\/comments?post=409"}],"version-history":[{"count":1,"href":"https:\/\/www.monitor-radiotv.it\/w\/wp-json\/wp\/v2\/posts\/409\/revisions"}],"predecessor-version":[{"id":25654,"href":"https:\/\/www.monitor-radiotv.it\/w\/wp-json\/wp\/v2\/posts\/409\/revisions\/25654"}],"wp:attachment":[{"href":"https:\/\/www.monitor-radiotv.it\/w\/wp-json\/wp\/v2\/media?parent=409"}],"wp:term":[{"taxonomy":"category","embeddable":true,"href":"https:\/\/www.monitor-radiotv.it\/w\/wp-json\/wp\/v2\/categories?post=409"},{"taxonomy":"post_tag","embeddable":true,"href":"https:\/\/www.monitor-radiotv.it\/w\/wp-json\/wp\/v2\/tags?post=409"}],"curies":[{"name":"wp","href":"https:\/\/api.w.org\/{rel}","templated":true}]}}