{"id":41495,"date":"2023-02-10T09:38:42","date_gmt":"2023-02-10T08:38:42","guid":{"rendered":"https:\/\/www.monitor-radiotv.it\/w\/?p=41495"},"modified":"2023-02-10T09:39:36","modified_gmt":"2023-02-10T08:39:36","slug":"radio-dreamers-il-libro-di-paolo-lunghi-celebra-la-storia-delle-radio-private","status":"publish","type":"post","link":"https:\/\/www.monitor-radiotv.it\/w\/radio-dreamers-il-libro-di-paolo-lunghi-celebra-la-storia-delle-radio-private\/","title":{"rendered":"Radio Dreamers, il libro di Paolo Lunghi celebra la storia delle radio private"},"content":{"rendered":"<div id=\"fb-root\"><\/div>\n<p><a href=\"https:\/\/www.monitor-radiotv.it\/w\/wp-content\/uploads\/2023\/02\/staff-6-768x511-1.jpg\"><img loading=\"lazy\" decoding=\"async\" class=\"alignright wp-image-41508 \" src=\"https:\/\/www.monitor-radiotv.it\/w\/wp-content\/uploads\/2023\/02\/staff-6-768x511-1.jpg\" alt=\"\" width=\"385\" height=\"256\" srcset=\"https:\/\/www.monitor-radiotv.it\/w\/wp-content\/uploads\/2023\/02\/staff-6-768x511-1.jpg 768w, https:\/\/www.monitor-radiotv.it\/w\/wp-content\/uploads\/2023\/02\/staff-6-768x511-1-300x200.jpg 300w, https:\/\/www.monitor-radiotv.it\/w\/wp-content\/uploads\/2023\/02\/staff-6-768x511-1-150x100.jpg 150w, https:\/\/www.monitor-radiotv.it\/w\/wp-content\/uploads\/2023\/02\/staff-6-768x511-1-600x399.jpg 600w\" sizes=\"auto, (max-width: 385px) 100vw, 385px\" \/><\/a>Un omaggio al mondo della radio e a quella stagione che, a partire dagli anni &#8217;70, ha portato in tutto il mondo all&#8217;inarrestabile exploit delle emittenti commerciali come fenomeno di costume prima ancora che imprenditoriale. &#8220;<a href=\"https:\/\/amzn.to\/3lujuQY\" target=\"_blank\" rel=\"noopener\"><strong>The Radio Dreamers &#8211; Storie e personaggi straordinari della radio&#8221;<\/strong><\/a> (Studio Mavi) \u00e8 il libro di <strong>Paolo Lunghi<\/strong> che apre idealmente le celebrazioni per il cinquantesimo anniversario della nascita delle prime radio libere, che in Italia ricorre nel 2025.<\/p>\n<p>Da AwanaGana a Fiorello, da Jocelyn ad Amadeus, da Claudio Cecchetto a Linus, da Marco Galli a Giuseppe Cruciani, da Gerry Scotti a Fernando Proce, da Platinette a Marco Mazzoli e poi Carlo Massarini, Max Venegoni, Luisella Berrino, Ringo, Marco Baldini, Nick The Nightfly e tanti altri: sono decine le testimonianze raccolte per raccontare l&#8217;epopea delle cosiddette radio libere. Con dj e conduttori famosi anche i racconti di imprenditori visionari e tecnici infaticabili che negli anni, con grande coraggio e passione, hanno saputo trasformare un sogno in un&#8217;impresa capace di garantire successo e benessere economico.<\/p>\n<p><a href=\"https:\/\/www.monitor-radiotv.it\/w\/wp-content\/uploads\/2023\/02\/THE-RADIO-DREAMERS-primi-libri.jpeg\"><img loading=\"lazy\" decoding=\"async\" class=\"alignright wp-image-41509 \" src=\"https:\/\/www.monitor-radiotv.it\/w\/wp-content\/uploads\/2023\/02\/THE-RADIO-DREAMERS-primi-libri.jpeg\" alt=\"\" width=\"387\" height=\"290\" srcset=\"https:\/\/www.monitor-radiotv.it\/w\/wp-content\/uploads\/2023\/02\/THE-RADIO-DREAMERS-primi-libri.jpeg 960w, https:\/\/www.monitor-radiotv.it\/w\/wp-content\/uploads\/2023\/02\/THE-RADIO-DREAMERS-primi-libri-300x225.jpeg 300w, https:\/\/www.monitor-radiotv.it\/w\/wp-content\/uploads\/2023\/02\/THE-RADIO-DREAMERS-primi-libri-768x576.jpeg 768w, https:\/\/www.monitor-radiotv.it\/w\/wp-content\/uploads\/2023\/02\/THE-RADIO-DREAMERS-primi-libri-810x607.jpeg 810w, https:\/\/www.monitor-radiotv.it\/w\/wp-content\/uploads\/2023\/02\/THE-RADIO-DREAMERS-primi-libri-600x450.jpeg 600w\" sizes=\"auto, (max-width: 387px) 100vw, 387px\" \/><\/a>In <strong>&#8220;The Radio Dreamers &#8211; Storie e personaggi straordinari della radio&#8221;<\/strong> rivivono le gesta di imprenditori che hanno sfidato il monopolio di Stato, tecnici che hanno inventato apparecchi che non esistevano per trasmettere pubblicit\u00e0 diversificate in aree lontane, ragazzi che dal nulla sono diventati fonici e hanno imparato a confezionare jingles e spot spettacolari; ma anche avvocati che hanno difeso le emittenti dalle chiusure imposte dalle autorit\u00e0 giudiziarie e hanno concorso alla loro liberalizzazione prima in ambito locale e poi in nazionale, altri che si sono inventati le affiliazioni per consentire alle emittenti di uscire dall&#8217;ambito locale; e ancora ingegneri che hanno prodotto apparecchi professionali di trasmissione a costi accessibili e istallatori che nello spazio di un week end riuscivano a collegare in FM intere regioni con mezzi di fortuna.<\/p>\n<p><a href=\"https:\/\/amzn.to\/3lujuQY\"><img loading=\"lazy\" decoding=\"async\" class=\"alignright wp-image-41512 \" src=\"https:\/\/www.monitor-radiotv.it\/w\/wp-content\/uploads\/2023\/02\/radiodreamers.jpg\" alt=\"\" width=\"201\" height=\"310\" srcset=\"https:\/\/www.monitor-radiotv.it\/w\/wp-content\/uploads\/2023\/02\/radiodreamers.jpg 324w, https:\/\/www.monitor-radiotv.it\/w\/wp-content\/uploads\/2023\/02\/radiodreamers-195x300.jpg 195w, https:\/\/www.monitor-radiotv.it\/w\/wp-content\/uploads\/2023\/02\/radiodreamers-200x308.jpg 200w\" sizes=\"auto, (max-width: 201px) 100vw, 201px\" \/><\/a>E poi, le le tante storie di successo di chi davanti al microfono \u00e8 diventato una star entrando nel cuore di tante persone: tra le molteplici testimonianze, in &#8220;The Radio Dreamers &#8211; Storie e personaggi straordinari della radio&#8221; si segnalano conduttori che da pi\u00f9 di vent&#8217;anni trasmettono lo stesso programma con successo ed altri che si sono inventati il mestiere di dj ed hanno ancora quasi 1.5 milioni di ascoltatori al giorno; ma c&#8217;\u00e8 anche chi ha iniziato a proporre in FM trasmissioni sul sesso in un&#8217;epoca in cui ancora era un tab\u00f9, chi ha continuato la sua carriera per 45 anni ininterrotti e chi invece, ad un certo punto, si \u00e8 inventato produttore di musica o scopritore di talenti.<\/p>\n<p><a href=\"https:\/\/amzn.to\/3lujuQY\" target=\"_blank\" rel=\"noopener\"><strong>&#8220;The Radio Dreamers &#8211; Storie e personaggi straordinari della radio&#8221;<\/strong><\/a> \u00e8 un libro in vendita nelle librerie tradizionali e negli store digitali ma anche un progetto in continua evoluzione che attraverso il sito Internet <a href=\"http:\/\/www.theradiodreamers.it\" target=\"_blank\" rel=\"noopener\">www.theradiodreamers.it<\/a> nei prossimi mesi promuover\u00e0 iniziative ed eventi volti ad accompagnare il grande pubblico a celebrare i primi 50 anni delle radio private italiane.<\/p>\n","protected":false},"excerpt":{"rendered":"<p>Un omaggio al mondo della radio e a quella stagione che, a partire dagli anni &#8217;70, ha portato in tutto il mondo all&#8217;inarrestabile exploit delle emittenti commerciali come fenomeno di costume prima ancora che imprenditoriale. &#8220;The Radio Dreamers &#8211; Storie e personaggi straordinari della radio&#8221; (Studio Mavi) \u00e8 il libro&#8230;<\/p>\n","protected":false},"author":12,"featured_media":41511,"comment_status":"closed","ping_status":"closed","sticky":false,"template":"","format":"standard","meta":{"om_disable_all_campaigns":false,"footnotes":""},"categories":[15,61332,14],"tags":[28],"class_list":["post-41495","post","type-post","status-publish","format-standard","has-post-thumbnail","hentry","category-canali-radio","category-memorie-della-radio-e-della-tv","category-radio","tag-audio-radio-alta-frequenza"],"_links":{"self":[{"href":"https:\/\/www.monitor-radiotv.it\/w\/wp-json\/wp\/v2\/posts\/41495","targetHints":{"allow":["GET"]}}],"collection":[{"href":"https:\/\/www.monitor-radiotv.it\/w\/wp-json\/wp\/v2\/posts"}],"about":[{"href":"https:\/\/www.monitor-radiotv.it\/w\/wp-json\/wp\/v2\/types\/post"}],"author":[{"embeddable":true,"href":"https:\/\/www.monitor-radiotv.it\/w\/wp-json\/wp\/v2\/users\/12"}],"replies":[{"embeddable":true,"href":"https:\/\/www.monitor-radiotv.it\/w\/wp-json\/wp\/v2\/comments?post=41495"}],"version-history":[{"count":3,"href":"https:\/\/www.monitor-radiotv.it\/w\/wp-json\/wp\/v2\/posts\/41495\/revisions"}],"predecessor-version":[{"id":41513,"href":"https:\/\/www.monitor-radiotv.it\/w\/wp-json\/wp\/v2\/posts\/41495\/revisions\/41513"}],"wp:featuredmedia":[{"embeddable":true,"href":"https:\/\/www.monitor-radiotv.it\/w\/wp-json\/wp\/v2\/media\/41511"}],"wp:attachment":[{"href":"https:\/\/www.monitor-radiotv.it\/w\/wp-json\/wp\/v2\/media?parent=41495"}],"wp:term":[{"taxonomy":"category","embeddable":true,"href":"https:\/\/www.monitor-radiotv.it\/w\/wp-json\/wp\/v2\/categories?post=41495"},{"taxonomy":"post_tag","embeddable":true,"href":"https:\/\/www.monitor-radiotv.it\/w\/wp-json\/wp\/v2\/tags?post=41495"}],"curies":[{"name":"wp","href":"https:\/\/api.w.org\/{rel}","templated":true}]}}