{"id":42940,"date":"2023-06-22T17:36:56","date_gmt":"2023-06-22T15:36:56","guid":{"rendered":"https:\/\/www.monitor-radiotv.it\/w\/?p=42940"},"modified":"2023-06-22T17:39:08","modified_gmt":"2023-06-22T15:39:08","slug":"aeranti-corallo-la-relazione-del-presidente-al-radiotvforum","status":"publish","type":"post","link":"https:\/\/www.monitor-radiotv.it\/w\/aeranti-corallo-la-relazione-del-presidente-al-radiotvforum\/","title":{"rendered":"Aeranti-Corallo: la relazione del presidente al RadioTVForum"},"content":{"rendered":"<div id=\"fb-root\"><\/div>\n<p><em><strong>Al RadioTv Forum 2023 di Aeranti-Corallo la relazione di Marco Rossignoli sull&#8217;attivit\u00e0 e le criticit\u00e0 del settore nel corso dell&#8217;ultimo anno: \u201cOccorre fissare al pi\u00f9 presto e comunque entro il 2023 la data per il passaggio alle trasmissioni televisive DVB-T2\/HEVC. Per quanto riguarda le trasmissioni radiofoniche digitali DAB+ riteniamo che le stesse debbano andare a regime al pi\u00f9 presto e che non debbano avere alcuna finalit\u00e0 sostitutiva delle attuali trasmissioni analogiche FM\u201d.<\/strong><\/em><\/p>\n<div id=\"attachment_42943\" class=\"wp-caption alignright\" style=\"width: 401px\"><a href=\"https:\/\/www.monitor-radiotv.it\/w\/wp-content\/uploads\/2023\/06\/20230621_RadioTvForum_AerantiCorallo_Marco-Rossignoli.jpg\"><img loading=\"lazy\" decoding=\"async\" class=\" wp-image-42943\" src=\"https:\/\/www.monitor-radiotv.it\/w\/wp-content\/uploads\/2023\/06\/20230621_RadioTvForum_AerantiCorallo_Marco-Rossignoli.jpg\" alt=\"\" width=\"401\" height=\"267\" srcset=\"https:\/\/www.monitor-radiotv.it\/w\/wp-content\/uploads\/2023\/06\/20230621_RadioTvForum_AerantiCorallo_Marco-Rossignoli.jpg 600w, https:\/\/www.monitor-radiotv.it\/w\/wp-content\/uploads\/2023\/06\/20230621_RadioTvForum_AerantiCorallo_Marco-Rossignoli-300x200.jpg 300w, https:\/\/www.monitor-radiotv.it\/w\/wp-content\/uploads\/2023\/06\/20230621_RadioTvForum_AerantiCorallo_Marco-Rossignoli-150x100.jpg 150w\" sizes=\"auto, (max-width: 401px) 100vw, 401px\" \/><\/a><p class=\"wp-caption-text\">Marco Rossignoli<\/p><\/div>\n<p>Il coordinatore <a href=\"https:\/\/www.aeranticorallo.it\/\" target=\"_blank\" rel=\"noopener\">AERANTI-CORALLO<\/a> e presidente AERANTI, Marco Rossignoli, nella Relazione sullo stato dell\u2019emittenza locale ha evidenziato che <em>\u201cil processo di transizione al digitale televisivo di seconda generazione, avviato alla fine dell\u2019anno 2021, ha generato numerose criticit\u00e0 tecniche per l\u2019emittenza televisiva locale, molte delle quali non hanno ancora trovato soluzione\u201d<\/em>. Rossignoli ha ricordato che l\u2019AGCOM, con la delibera 39\/19\/CONS, ha espressamente previsto il passaggio alla tecnologia <strong>DVB-T2\/HEVC<\/strong>, ma ad oggi, le trasmissioni tv stanno ancora avvenendo in <strong>MPEG-4<\/strong> con l\u2019ormai obsoleta tecnologia <strong>DVB-T<\/strong>.<\/p>\n<p><em>Tutto ci\u00f2<\/em> \u2013 ha aggiunto Rossignoli &#8211; <em>se da una parte consente alle tv nazionali, che dispongono, attraverso le rispettive reti, di maggiore quantit\u00e0 di capacit\u00e0 trasmissiva rispetto alla emittenza locale, di trasmettere, comunque, con livelli di qualit\u00e0 tecnica accettabili, allo stesso tempo non permette alle tv locali una diffusione del segnale idonea per le trasmissioni in alta definizione e, in alcune regioni, a causa del meccanismo del riproporzionamento della banda nell\u2019ambito del multiplex, neppure una diffusione con buona qualit\u00e0 del segnale in definizione standard.<\/em><\/p>\n<div id=\"attachment_42944\" class=\"wp-caption alignleft\" style=\"width: 401px\"><a href=\"https:\/\/www.monitor-radiotv.it\/w\/wp-content\/uploads\/2023\/06\/20230621_RadioTvForum_AerantiCorallo_Marco-Rossignoli_Adolfo_Urso.jpg\"><img loading=\"lazy\" decoding=\"async\" class=\" wp-image-42944\" src=\"https:\/\/www.monitor-radiotv.it\/w\/wp-content\/uploads\/2023\/06\/20230621_RadioTvForum_AerantiCorallo_Marco-Rossignoli_Adolfo_Urso.jpg\" alt=\"\" width=\"401\" height=\"267\" srcset=\"https:\/\/www.monitor-radiotv.it\/w\/wp-content\/uploads\/2023\/06\/20230621_RadioTvForum_AerantiCorallo_Marco-Rossignoli_Adolfo_Urso.jpg 600w, https:\/\/www.monitor-radiotv.it\/w\/wp-content\/uploads\/2023\/06\/20230621_RadioTvForum_AerantiCorallo_Marco-Rossignoli_Adolfo_Urso-300x200.jpg 300w, https:\/\/www.monitor-radiotv.it\/w\/wp-content\/uploads\/2023\/06\/20230621_RadioTvForum_AerantiCorallo_Marco-Rossignoli_Adolfo_Urso-150x100.jpg 150w\" sizes=\"auto, (max-width: 401px) 100vw, 401px\" \/><\/a><p class=\"wp-caption-text\">Rossignoli con il ministro del Made in Italy Adolfo Urso<\/p><\/div>\n<p>Aeranti-Corallo ritiene, pertanto, necessario che <strong>venga fissata al pi\u00f9 presto<\/strong>, e, comunque, entro il corrente anno 2023 <strong>la data per il passaggio dell\u2019intero sistema televisivo<\/strong>, e quindi di tutte le tv nazionali e locali, alle trasmissioni DVB-T2\/HEVC.<br \/>\nRossignoli ha evidenziato \u201cAlcuni operatori vorrebbero rinviare \u201csine die\u201d l\u2019adozione di quest\u2019ultima tecnologia lamentando una limitata diffusione dei televisori e dei decoder adatti alla relativa ricezione.<\/p>\n<p>Venendo alla <strong>radiofonia in ambito locale<\/strong>, Rossignoli ha dichiarato:<em> \u201cRiteniamo che l\u2019avvio delle trasmissioni radiofoniche digitali terrestri DAB+ debba avvenire senza alcuna finalit\u00e0 sostitutiva delle attuali trasmissioni analogiche FM\u201d<\/em>. Rossignoli ha quindi aggiunto <em>\u201cAeranti-Corallo ritiene, inoltre, fondamentale che le trasmissioni digitali vadano a regime in tempi brevi al fine di evitare il rischio di un gap concorrenziale rispetto all\u2019emittenza radiofonica nazionale. Rossignoli ha quindi affermato di valutare positivamente il recente avvio delle procedure per l\u2019assegnazione dei diritti di uso delle frequenze DAB+ nelle regioni Emilia Romagna, Marche, Lazio e Sardegna&#8221;<\/em>.<\/p>\n<p><a href=\"https:\/\/www.monitor-radiotv.it\/w\/wp-content\/uploads\/2023\/06\/RELAZIONERossignoli_RADIOTVFORUM_21giugno2023.pdf\" target=\"_blank\" rel=\"noopener\">La relazione integrale di Marco Rossignoli &#8211; PDF<\/a><\/p>\n","protected":false},"excerpt":{"rendered":"<p>Al RadioTv Forum 2023 di Aeranti-Corallo la relazione di Marco Rossignoli sull&#8217;attivit\u00e0 e le criticit\u00e0 del settore nel corso dell&#8217;ultimo anno: \u201cOccorre fissare al pi\u00f9 presto e comunque entro il 2023 la data per il passaggio alle trasmissioni televisive DVB-T2\/HEVC. Per quanto riguarda le trasmissioni radiofoniche digitali DAB+ riteniamo che&#8230;<\/p>\n","protected":false},"author":1,"featured_media":42945,"comment_status":"closed","ping_status":"closed","sticky":false,"template":"","format":"standard","meta":{"om_disable_all_campaigns":false,"footnotes":""},"categories":[58086,15,9,74],"tags":[22],"class_list":["post-42940","post","type-post","status-publish","format-standard","has-post-thumbnail","hentry","category-attualita","category-canali-radio","category-canali-tv","category-media","tag-primo-piano"],"_links":{"self":[{"href":"https:\/\/www.monitor-radiotv.it\/w\/wp-json\/wp\/v2\/posts\/42940","targetHints":{"allow":["GET"]}}],"collection":[{"href":"https:\/\/www.monitor-radiotv.it\/w\/wp-json\/wp\/v2\/posts"}],"about":[{"href":"https:\/\/www.monitor-radiotv.it\/w\/wp-json\/wp\/v2\/types\/post"}],"author":[{"embeddable":true,"href":"https:\/\/www.monitor-radiotv.it\/w\/wp-json\/wp\/v2\/users\/1"}],"replies":[{"embeddable":true,"href":"https:\/\/www.monitor-radiotv.it\/w\/wp-json\/wp\/v2\/comments?post=42940"}],"version-history":[{"count":4,"href":"https:\/\/www.monitor-radiotv.it\/w\/wp-json\/wp\/v2\/posts\/42940\/revisions"}],"predecessor-version":[{"id":42948,"href":"https:\/\/www.monitor-radiotv.it\/w\/wp-json\/wp\/v2\/posts\/42940\/revisions\/42948"}],"wp:featuredmedia":[{"embeddable":true,"href":"https:\/\/www.monitor-radiotv.it\/w\/wp-json\/wp\/v2\/media\/42945"}],"wp:attachment":[{"href":"https:\/\/www.monitor-radiotv.it\/w\/wp-json\/wp\/v2\/media?parent=42940"}],"wp:term":[{"taxonomy":"category","embeddable":true,"href":"https:\/\/www.monitor-radiotv.it\/w\/wp-json\/wp\/v2\/categories?post=42940"},{"taxonomy":"post_tag","embeddable":true,"href":"https:\/\/www.monitor-radiotv.it\/w\/wp-json\/wp\/v2\/tags?post=42940"}],"curies":[{"name":"wp","href":"https:\/\/api.w.org\/{rel}","templated":true}]}}