{"id":435,"date":"2012-12-22T02:32:48","date_gmt":"2012-12-22T01:32:48","guid":{"rendered":"http:\/\/www.monitor-radiotv.it\/wp\/?p=435"},"modified":"2019-11-15T00:26:22","modified_gmt":"2019-11-14T23:26:22","slug":"a-ise-2013-sony-professional-concretizza-il-proprio-year-of-av-innovation","status":"publish","type":"post","link":"https:\/\/www.monitor-radiotv.it\/w\/a-ise-2013-sony-professional-concretizza-il-proprio-year-of-av-innovation\/","title":{"rendered":"A ISE 2013, Sony Professional concretizza il proprio &#8220;Year of AV Innovation&#8221;"},"content":{"rendered":"<div id=\"fb-root\"><\/div>\n<p><img decoding=\"async\" src=\"\/\/www.monitor-radiotv.it\/wp\/wp-content\/plugins\/rss-poster\/cache\/67a9a_sony1.jpg\" align=\"right\" \/>Si terr\u00e0 ad Amsterdam dal <b>29 al 31 gennaio 2013<\/b> la decima edizione di <a href=\"http:\/\/www.monitor-radiotv.com\/openxlink.shtml?http:\/\/www.iseurope.org\">ISE Integrated Systems Europe<\/a>, una rassegna europea che si \u00e8 affermata negli anni come importante appuntamento di settore. Di sicuro \u00e8, almeno cronologicamente, il primo dell&#8217;anno.<br \/><a href=\"http:\/\/www.monitor-radiotv.com\/phoenix\/html\/modules.php?op=modloadname=Web_Linksfile=indexreq=visitlid=345\" title=\"Sony\">Sony<\/a> torner\u00e0 all&#8217;ISE 2013 con un&#8217;offerta forte e coordinata per i mercati corporate, retail, home cinema ed education. Presenter\u00e0 una gamma completa di proiettori, soluzioni di digital signage, soluzioni per riunioni aziendali &#8216;live&#8217; e audioconferenze, public display e schermi professionali BRAVIA. I visitatori potranno sperimentare direttamente le nuove soluzioni <a href=\"http:\/\/www.monitor-radiotv.com\/phoenix\/html\/modules.php?op=modloadname=Web_Linksfile=indexreq=visitlid=345\" title=\"Sony\">Sony<\/a> che stanno plasmando il futuro del settore AV, e che dimostrano come l&#8217;azienda stia concretizzando le aspettative riguardo lo &#8216;<b>&#8216;Year of AV innovations&#8221;.<\/b><\/p>\n<p><img decoding=\"async\" src=\"\/\/www.monitor-radiotv.it\/wp\/wp-content\/plugins\/rss-poster\/cache\/62c64_sony2.jpg\" align=\"right\" \/>All&#8217;ISE 2013 <a href=\"http:\/\/www.monitor-radiotv.com\/phoenix\/html\/modules.php?op=modloadname=Web_Linksfile=indexreq=visitlid=345\" title=\"Sony\">Sony<\/a> presenter\u00e0 una serie di soluzioni originali ed esclusive, in cui prodotti eterogenei per l&#8217;audio ed il video convergono e si combinano in forme non tradizionali per il pubblico di questo evento. Attingendo al suo vasto patrimonio di conoscenze nei settori AV Media , audio e display, <a href=\"http:\/\/www.monitor-radiotv.com\/phoenix\/html\/modules.php?op=modloadname=Web_Linksfile=indexreq=visitlid=345\" title=\"Sony\">Sony<\/a> presenter\u00e0 una soluzione completa per le riunioni aziendali che non trova confronto nelle offerte di altri produttori. Questa soluzione permetter\u00e0 alle aziende di riprendere gli eventi in diretta e di distribuirne i contenuti a destinatari remoti, in qualunque momento li richiedano.<\/p>\n<p>\n<a href=\"http:\/\/www.monitor-radiotv.com\/phoenix\/html\/modules.php?op=modloadname=Web_Linksfile=indexreq=visitlid=345\" title=\"Sony\">Sony<\/a> presenter\u00e0 inoltre nuove soluzioni a valore aggiunto per la ripresa delle lezioni e l&#8217;audio DWZ per il mercato education, che consentiranno a docenti e studenti di creare e avere accesso a una scelta pi\u00f9 ampia di contenuti al di fuori delle aule. Queste soluzioni riuniscono i collaudati prodotti audiovisivi di <a href=\"http:\/\/www.monitor-radiotv.com\/phoenix\/html\/modules.php?op=modloadname=Web_Linksfile=indexreq=visitlid=345\" title=\"Sony\">Sony<\/a> in forme nuove e originali, combinando sistemi come OPSIGATE, gli switcher audio\/video SD\/HD o le telecamere multifunzione con i display a schermo piatto B2B PUD e BRAVIA e con i proiettori destinati ai mercati corporate ed education.<\/p>\n<p>\nPer <a href=\"http:\/\/www.monitor-radiotv.com\/phoenix\/html\/modules.php?op=modloadname=Web_Linksfile=indexreq=visitlid=345\" title=\"Sony\">Sony<\/a>, l&#8217;ISE rappresenta anche un&#8217;occasione perfetta per presentare la propria offerta per il segmento retail, con la nuova soluzione di digital signage BRAVIA. Per la prima volta, gli esercenti avranno la possibilit\u00e0 di creare i propri contenuti HTML da visualizzare sugli schermi di digital signage e potranno trasformare un singolo display in pi\u00f9 schermi di grande impatto attraverso una rete. A tutto questo si aggiungeranno i pluripremiati sistemi di proiezione per il mercato dell&#8217;home cinema, che con i televisori BRAVIA 84\u201d e il proiettore VPL-VW1000ES stanno aprendo la strada all&#8217;intrattenimento 4K.<\/p>\n<p>\n<a href=\"http:\/\/www.monitor-radiotv.com\/phoenix\/html\/modules.php?op=modloadname=Web_Linksfile=indexreq=visitlid=345\" title=\"Sony\">Sony<\/a> sar\u00e0 presente all&#8217;ISE 2013 allo stand numero <b>1-H100<\/b>. <br \/>\nPer saperne di pi\u00f9 <a href=\"http:\/\/www.monitor-radiotv.com\/openxlink.shtml?http:\/\/www.sony.it\/pro\/hub\/home\"> QUESTO IL SITO<\/a>.<\/p><\/p>\n","protected":false},"excerpt":{"rendered":"<p>Si terr\u00e0 ad Amsterdam dal 29 al 31 gennaio 2013 la decima edizione di ISE Integrated Systems Europe, una rassegna europea che si \u00e8 affermata negli anni come importante appuntamento di settore. Di sicuro \u00e8, almeno cronologicamente, il primo dell&#8217;anno.Sony torner\u00e0 all&#8217;ISE 2013 con un&#8217;offerta forte e coordinata per i&#8230;<\/p>\n","protected":false},"author":1,"featured_media":0,"comment_status":"open","ping_status":"open","sticky":false,"template":"","format":"standard","meta":{"om_disable_all_campaigns":false,"footnotes":""},"categories":[11],"tags":[],"class_list":["post-435","post","type-post","status-publish","format-standard","hentry","category-senza-categoria"],"_links":{"self":[{"href":"https:\/\/www.monitor-radiotv.it\/w\/wp-json\/wp\/v2\/posts\/435","targetHints":{"allow":["GET"]}}],"collection":[{"href":"https:\/\/www.monitor-radiotv.it\/w\/wp-json\/wp\/v2\/posts"}],"about":[{"href":"https:\/\/www.monitor-radiotv.it\/w\/wp-json\/wp\/v2\/types\/post"}],"author":[{"embeddable":true,"href":"https:\/\/www.monitor-radiotv.it\/w\/wp-json\/wp\/v2\/users\/1"}],"replies":[{"embeddable":true,"href":"https:\/\/www.monitor-radiotv.it\/w\/wp-json\/wp\/v2\/comments?post=435"}],"version-history":[{"count":1,"href":"https:\/\/www.monitor-radiotv.it\/w\/wp-json\/wp\/v2\/posts\/435\/revisions"}],"predecessor-version":[{"id":25296,"href":"https:\/\/www.monitor-radiotv.it\/w\/wp-json\/wp\/v2\/posts\/435\/revisions\/25296"}],"wp:attachment":[{"href":"https:\/\/www.monitor-radiotv.it\/w\/wp-json\/wp\/v2\/media?parent=435"}],"wp:term":[{"taxonomy":"category","embeddable":true,"href":"https:\/\/www.monitor-radiotv.it\/w\/wp-json\/wp\/v2\/categories?post=435"},{"taxonomy":"post_tag","embeddable":true,"href":"https:\/\/www.monitor-radiotv.it\/w\/wp-json\/wp\/v2\/tags?post=435"}],"curies":[{"name":"wp","href":"https:\/\/api.w.org\/{rel}","templated":true}]}}