{"id":44003,"date":"2023-12-01T15:30:23","date_gmt":"2023-12-01T14:30:23","guid":{"rendered":"https:\/\/www.monitor-radiotv.it\/w\/?p=44003"},"modified":"2023-12-31T16:16:35","modified_gmt":"2023-12-31T15:16:35","slug":"evs-presenta-il-progetto-flex-production-per-la-produzione-basata-su-tecnologia-5g","status":"publish","type":"post","link":"https:\/\/www.monitor-radiotv.it\/w\/evs-presenta-il-progetto-flex-production-per-la-produzione-basata-su-tecnologia-5g\/","title":{"rendered":"EVS presenta il progetto &#8220;Flex Production&#8221;, per la produzione basata su tecnologia 5G"},"content":{"rendered":"<div id=\"fb-root\"><\/div>\n<h4><em><strong>EVS e Orange Belgium hanno avviato un ambizioso progetto pilota che sfrutta molte diverse capacit\u00e0 della tecnologia 5G per portare spettacoli teatrali dal vivo nelle scuole delle regioni valloni e di Bruxelles in Belgio.<\/strong><\/em><\/h4>\n<p><a href=\"https:\/\/www.monitor-radiotv.it\/w\/wp-content\/uploads\/2023\/10\/evs12.jpg\"><img loading=\"lazy\" decoding=\"async\" class=\" wp-image-44010 alignright\" src=\"https:\/\/www.monitor-radiotv.it\/w\/wp-content\/uploads\/2023\/10\/evs12.jpg\" alt=\"\" width=\"93\" height=\"93\" srcset=\"https:\/\/www.monitor-radiotv.it\/w\/wp-content\/uploads\/2023\/10\/evs12.jpg 200w, https:\/\/www.monitor-radiotv.it\/w\/wp-content\/uploads\/2023\/10\/evs12-180x180.jpg 180w, https:\/\/www.monitor-radiotv.it\/w\/wp-content\/uploads\/2023\/10\/evs12-119x120.jpg 119w, https:\/\/www.monitor-radiotv.it\/w\/wp-content\/uploads\/2023\/10\/evs12-55x55.jpg 55w, https:\/\/www.monitor-radiotv.it\/w\/wp-content\/uploads\/2023\/10\/evs12-70x70.jpg 70w, https:\/\/www.monitor-radiotv.it\/w\/wp-content\/uploads\/2023\/10\/evs12-114x114.jpg 114w, https:\/\/www.monitor-radiotv.it\/w\/wp-content\/uploads\/2023\/10\/evs12-100x100.jpg 100w, https:\/\/www.monitor-radiotv.it\/w\/wp-content\/uploads\/2023\/10\/evs12-150x150.jpg 150w\" sizes=\"auto, (max-width: 93px) 100vw, 93px\" \/><\/a><a href=\"https:\/\/evs.com\/\">EVS<\/a> ha presentato la sua iniziativa <strong>&#8220;Flex Production&#8221;<\/strong>, un progetto sostenuto dal governo federale belga, dedicato a mostrare i vantaggi dell&#8217;utilizzo della tecnologia 5G nelle produzioni centralizzate. In collaborazione con <strong><a href=\"https:\/\/lagrandposte.be\/\" target=\"_blank\" rel=\"noopener\">La Grand Poste<\/a>, Wallonie-Bruxelles Enseignement e Playtime Films,<\/strong> EVS ha collaborato con <strong>Orange Belgium<\/strong> e il <a href=\"https:\/\/theatredeliege.be\/\" target=\"_blank\" rel=\"noopener\"><strong>Th\u00e9\u00e2tre de Li\u00e8ge<\/strong><\/a> per trasmettere in diretta lo spettacolo teatrale <strong>&#8220;Andromaque&#8221;<\/strong> in oltre 70 scuole delle regioni di Vallonia e Bruxelles. Questa coinvolgente esperienza di cinema dal vivo, seguita da oltre 10.000 studenti, ha coinciso con il decimo anniversario del teatro.<\/p>\n<p><a href=\"https:\/\/www.monitor-radiotv.it\/w\/wp-content\/uploads\/2023\/10\/evs17.jpg\"><img loading=\"lazy\" decoding=\"async\" class=\" wp-image-44005 alignright\" src=\"https:\/\/www.monitor-radiotv.it\/w\/wp-content\/uploads\/2023\/10\/evs17.jpg\" alt=\"\" width=\"429\" height=\"221\" srcset=\"https:\/\/www.monitor-radiotv.it\/w\/wp-content\/uploads\/2023\/10\/evs17.jpg 800w, https:\/\/www.monitor-radiotv.it\/w\/wp-content\/uploads\/2023\/10\/evs17-300x155.jpg 300w, https:\/\/www.monitor-radiotv.it\/w\/wp-content\/uploads\/2023\/10\/evs17-768x396.jpg 768w, https:\/\/www.monitor-radiotv.it\/w\/wp-content\/uploads\/2023\/10\/evs17-600x309.jpg 600w\" sizes=\"auto, (max-width: 429px) 100vw, 429px\" \/><\/a>L&#8217;allestimento teatrale comprende <strong>diverse telecamere Ultra HD<\/strong>, ciascuna dotata di un codificatore LiveU per la trasmissione dei flussi video tramite la robusta <strong>rete 5G<\/strong> di <a href=\"https:\/\/www.orange.be\/fr\" target=\"_blank\" rel=\"noopener\"><strong>Orange Belgium<\/strong><\/a> a una sala di controllo centrale presso <strong>La Grand Poste<\/strong>, un centro dedicato alla promozione della creativit\u00e0 e dell&#8217;innovazione. Alimentati dal protocollo <strong>Reliable Transport (LRT&#x2122;)<\/strong> di comprovata affidabilit\u00e0 di LiveU, i codificatori assicurano flussi live di alta qualit\u00e0 e con latenza ultra bassa sulla rete 5G.<\/p>\n<p>Nella sala di controllo, <strong>un sistema di produzione centrale di EVS<\/strong> \u00e8 il fulcro di tutto il processo di produzione live. Inoltre, l&#8217;uso della soluzione di scambio di contenuti <a href=\"https:\/\/evs.com\/solutions\/mediahub\" target=\"_blank\" rel=\"noopener\"><strong>MediaHub SaaS<\/strong><\/a> di EVS facilita l&#8217;accesso rapido ai contenuti video per la creazione di clip, momenti salienti e contenuti di lunga durata, consegnandoli senza soluzione di continuit\u00e0 su Internet.<\/p>\n<div id=\"attachment_44011\" class=\"wp-caption aligncenter\" style=\"width: 970px\"><a href=\"https:\/\/www.monitor-radiotv.it\/w\/wp-content\/uploads\/2023\/10\/evs11.jpg\"><img loading=\"lazy\" decoding=\"async\" class=\"size-full wp-image-44011\" src=\"https:\/\/www.monitor-radiotv.it\/w\/wp-content\/uploads\/2023\/10\/evs11.jpg\" alt=\"\" width=\"970\" height=\"524\" srcset=\"https:\/\/www.monitor-radiotv.it\/w\/wp-content\/uploads\/2023\/10\/evs11.jpg 970w, https:\/\/www.monitor-radiotv.it\/w\/wp-content\/uploads\/2023\/10\/evs11-300x162.jpg 300w, https:\/\/www.monitor-radiotv.it\/w\/wp-content\/uploads\/2023\/10\/evs11-768x415.jpg 768w, https:\/\/www.monitor-radiotv.it\/w\/wp-content\/uploads\/2023\/10\/evs11-810x438.jpg 810w, https:\/\/www.monitor-radiotv.it\/w\/wp-content\/uploads\/2023\/10\/evs11-600x324.jpg 600w\" sizes=\"auto, (max-width: 970px) 100vw, 970px\" \/><\/a><p class=\"wp-caption-text\">clicca per ingrandire<\/p><\/div>\n<p>Le istituzioni educative selezionate da <strong>Wallonie-Bruxelles Enseignement (WBE)<\/strong> hanno accesso gratuito alla soluzione <strong>MediaHub<\/strong> di EVS, che funge da deposito per tutto il materiale catturato. Gli studenti possono accedere ai contenuti registrati dello spettacolo <strong>&#8220;Andromaque&#8221;<\/strong> da qualsiasi luogo e, attraverso l&#8217;integrazione di <strong>MediaHub<\/strong> con la <strong>piattaforma di editing video<\/strong> nativa cloud di <strong>Blackbird<\/strong>, possono creare i propri montaggi e momenti salienti della performance direttamente nel cloud. <strong>Gli studenti saranno formati da EVS per navigare e utilizzare questa dinamica piattaforma per l&#8217;editing e la produzione di contenuti<\/strong>, promuovendo la crescita della prossima generazione di creatori di contenuti.<\/p>\n<p><a href=\"https:\/\/www.monitor-radiotv.it\/w\/wp-content\/uploads\/2021\/04\/Nicolas-Bourdon_EVS-e1589369374914.jpeg\"><img loading=\"lazy\" decoding=\"async\" class=\" wp-image-33520 alignleft\" src=\"https:\/\/www.monitor-radiotv.it\/w\/wp-content\/uploads\/2021\/04\/Nicolas-Bourdon_EVS-e1589369374914.jpeg\" alt=\"\" width=\"165\" height=\"165\" srcset=\"https:\/\/www.monitor-radiotv.it\/w\/wp-content\/uploads\/2021\/04\/Nicolas-Bourdon_EVS-e1589369374914.jpeg 800w, https:\/\/www.monitor-radiotv.it\/w\/wp-content\/uploads\/2021\/04\/Nicolas-Bourdon_EVS-e1589369374914-300x300.jpeg 300w, https:\/\/www.monitor-radiotv.it\/w\/wp-content\/uploads\/2021\/04\/Nicolas-Bourdon_EVS-e1589369374914-768x768.jpeg 768w, https:\/\/www.monitor-radiotv.it\/w\/wp-content\/uploads\/2021\/04\/Nicolas-Bourdon_EVS-e1589369374914-180x180.jpeg 180w, https:\/\/www.monitor-radiotv.it\/w\/wp-content\/uploads\/2021\/04\/Nicolas-Bourdon_EVS-e1589369374914-119x120.jpeg 119w, https:\/\/www.monitor-radiotv.it\/w\/wp-content\/uploads\/2021\/04\/Nicolas-Bourdon_EVS-e1589369374914-55x55.jpeg 55w, https:\/\/www.monitor-radiotv.it\/w\/wp-content\/uploads\/2021\/04\/Nicolas-Bourdon_EVS-e1589369374914-70x70.jpeg 70w, https:\/\/www.monitor-radiotv.it\/w\/wp-content\/uploads\/2021\/04\/Nicolas-Bourdon_EVS-e1589369374914-114x114.jpeg 114w, https:\/\/www.monitor-radiotv.it\/w\/wp-content\/uploads\/2021\/04\/Nicolas-Bourdon_EVS-e1589369374914-607x607.jpeg 607w, https:\/\/www.monitor-radiotv.it\/w\/wp-content\/uploads\/2021\/04\/Nicolas-Bourdon_EVS-e1589369374914-150x150.jpeg 150w\" sizes=\"auto, (max-width: 165px) 100vw, 165px\" \/><\/a>Oltre a rappresentare un innovativo showcase tecnico con un significativo componente educativo, il progetto \u00e8 anche una dimostrazione di come la tecnologia 5G stand alone aumenti la flessibilit\u00e0 delle produzioni remote riducendo i costi e l&#8217;impatto ambientale. <strong>Nicolas Bourdon<\/strong>, Chief Marketing Officer di EVS, ha dichiarato: <em>&#8220;La tecnologia 5G \u00e8 destinata a ridurre drasticamente la necessit\u00e0 di spostamenti delle squadre di produzione, con conseguente notevole riduzione delle emissioni di CO2. Centralizzando gli strumenti di produzione audiovisiva attraverso la tecnologia 5G, stiamo promuovendo la consolidazione delle risorse, che si traduce a sua volta in costi operativi ridotti per la produzione di eventi. <\/em><\/p>\n<p><em><a href=\"https:\/\/www.monitor-radiotv.it\/w\/wp-content\/uploads\/2023\/10\/evs15.jpg\"><img loading=\"lazy\" decoding=\"async\" class=\" wp-image-44007 alignright\" src=\"https:\/\/www.monitor-radiotv.it\/w\/wp-content\/uploads\/2023\/10\/evs15.jpg\" alt=\"\" width=\"365\" height=\"274\" srcset=\"https:\/\/www.monitor-radiotv.it\/w\/wp-content\/uploads\/2023\/10\/evs15.jpg 800w, https:\/\/www.monitor-radiotv.it\/w\/wp-content\/uploads\/2023\/10\/evs15-300x225.jpg 300w, https:\/\/www.monitor-radiotv.it\/w\/wp-content\/uploads\/2023\/10\/evs15-768x576.jpg 768w, https:\/\/www.monitor-radiotv.it\/w\/wp-content\/uploads\/2023\/10\/evs15-600x450.jpg 600w\" sizes=\"auto, (max-width: 365px) 100vw, 365px\" \/><\/a>Con questa centralizzazione, \u00e8 facile immaginare di ospitare diverse produzioni in un&#8217;unica giornata, come dibattiti televisivi mattutini, programmi di notizie a mezzogiorno, spettacoli teatrali pomeridiani ed eventi sportivi regionali serali, il tutto reso possibile dalla stessa infrastruttura. Ci\u00f2 apre opportunit\u00e0 affinch\u00e9 eventi di minori dimensioni possano raggiungere un pubblico pi\u00f9 ampio attraverso la distribuzione di contenuti audiovisivi di alta qualit\u00e0 e accessibili.&#8221;<\/em><\/p>\n<p><strong><a href=\"https:\/\/www.monitor-radiotv.it\/w\/wp-content\/uploads\/2023\/10\/Renaud_Falise.jpg\"><img loading=\"lazy\" decoding=\"async\" class=\"alignleft wp-image-44012\" src=\"https:\/\/www.monitor-radiotv.it\/w\/wp-content\/uploads\/2023\/10\/Renaud_Falise.jpg\" alt=\"\" width=\"84\" height=\"130\" \/><\/a>Renaud Falise<\/strong>, 5G &amp; IoT Strategic Manager di<strong> Orange Belgium,<\/strong> ha dichiarato: <em>&#8220;Il progetto rappresenta una pietra miliare significativa nel mondo della tecnologia video live, mostrando l&#8217;enorme potenziale del 5G e le sue applicazioni pratiche. Abbiamo inaugurato il primo Orange 5G Lab ad Anversa nell&#8217;ottobre 2021 e un secondo presso l&#8217;iconica Grand Poste di Liegi nel 2022, dimostrando il nostro ruolo come generatore di soluzioni innovative basate sulla rete 5G di Orange Belgium. La cattura live presso il Th\u00e9\u00e2tre de Li\u00e8ge \u00e8 una testimonianza delle vaste possibilit\u00e0 sbloccate da questa rivoluzionaria tecnologia.&#8221;<\/em><\/p>\n","protected":false},"excerpt":{"rendered":"<p>EVS e Orange Belgium hanno avviato un ambizioso progetto pilota che sfrutta molte diverse capacit\u00e0 della tecnologia 5G per portare spettacoli teatrali dal vivo nelle scuole delle regioni valloni e di Bruxelles in Belgio. EVS ha presentato la sua iniziativa &#8220;Flex Production&#8221;, un progetto sostenuto dal governo federale belga, dedicato&#8230;<\/p>\n","protected":false},"author":1,"featured_media":44004,"comment_status":"closed","ping_status":"closed","sticky":false,"template":"","format":"standard","meta":{"om_disable_all_campaigns":false,"footnotes":""},"categories":[68351,12],"tags":[18],"class_list":["post-44003","post","type-post","status-publish","format-standard","has-post-thumbnail","hentry","category-5g","category-produzione-video","tag-produzione-video"],"_links":{"self":[{"href":"https:\/\/www.monitor-radiotv.it\/w\/wp-json\/wp\/v2\/posts\/44003","targetHints":{"allow":["GET"]}}],"collection":[{"href":"https:\/\/www.monitor-radiotv.it\/w\/wp-json\/wp\/v2\/posts"}],"about":[{"href":"https:\/\/www.monitor-radiotv.it\/w\/wp-json\/wp\/v2\/types\/post"}],"author":[{"embeddable":true,"href":"https:\/\/www.monitor-radiotv.it\/w\/wp-json\/wp\/v2\/users\/1"}],"replies":[{"embeddable":true,"href":"https:\/\/www.monitor-radiotv.it\/w\/wp-json\/wp\/v2\/comments?post=44003"}],"version-history":[{"count":6,"href":"https:\/\/www.monitor-radiotv.it\/w\/wp-json\/wp\/v2\/posts\/44003\/revisions"}],"predecessor-version":[{"id":44018,"href":"https:\/\/www.monitor-radiotv.it\/w\/wp-json\/wp\/v2\/posts\/44003\/revisions\/44018"}],"wp:featuredmedia":[{"embeddable":true,"href":"https:\/\/www.monitor-radiotv.it\/w\/wp-json\/wp\/v2\/media\/44004"}],"wp:attachment":[{"href":"https:\/\/www.monitor-radiotv.it\/w\/wp-json\/wp\/v2\/media?parent=44003"}],"wp:term":[{"taxonomy":"category","embeddable":true,"href":"https:\/\/www.monitor-radiotv.it\/w\/wp-json\/wp\/v2\/categories?post=44003"},{"taxonomy":"post_tag","embeddable":true,"href":"https:\/\/www.monitor-radiotv.it\/w\/wp-json\/wp\/v2\/tags?post=44003"}],"curies":[{"name":"wp","href":"https:\/\/api.w.org\/{rel}","templated":true}]}}