{"id":45978,"date":"2024-08-09T15:26:23","date_gmt":"2024-08-09T13:26:23","guid":{"rendered":"https:\/\/www.monitor-radiotv.it\/w\/?p=45978"},"modified":"2024-08-09T15:26:23","modified_gmt":"2024-08-09T13:26:23","slug":"evs-acquisisce-mog-technologies-per-migliorare-il-proprio-portafoglio","status":"publish","type":"post","link":"https:\/\/www.monitor-radiotv.it\/w\/evs-acquisisce-mog-technologies-per-migliorare-il-proprio-portafoglio\/","title":{"rendered":"EVS acquisisce MOG Technologies per migliorare il proprio portafoglio"},"content":{"rendered":"<div id=\"fb-root\"><\/div>\n<h4><em><strong>Un&#8217;acquisizione strategica per supportare ulteriormente l&#8217;estensione del flusso di lavoro di MediaCeption<\/strong><\/em><\/h4>\n<p><a href=\"https:\/\/evs.com\/eu\" target=\"_blank\" rel=\"noopener\">EVS<\/a>, leader nella tecnologia di produzione di video dal vivo, acquisisce la societ\u00e0 portoghese <a href=\"https:\/\/www.mog-technologies.com\/\" target=\"_blank\" rel=\"noopener\">MOG Technologies<\/a>, una mossa strategica che arricchisce il portafoglio di EVS con soluzioni video all&#8217;avanguardia basate su file e software-defined.<br \/>\nL&#8217; acquisizione consente a EVS di ampliare immediatamente il proprio ecosistema di produzione live premium, espandendo le proprie capacit\u00e0 di ingest e transcodifica basate su file.<\/p>\n<p><a href=\"https:\/\/www.monitor-radiotv.it\/w\/wp-content\/uploads\/2024\/08\/evs1.jpg\"><img loading=\"lazy\" decoding=\"async\" class=\"alignright  wp-image-46034\" src=\"https:\/\/www.monitor-radiotv.it\/w\/wp-content\/uploads\/2024\/08\/evs1.jpg\" alt=\"\" width=\"458\" height=\"306\" srcset=\"https:\/\/www.monitor-radiotv.it\/w\/wp-content\/uploads\/2024\/08\/evs1.jpg 1280w, https:\/\/www.monitor-radiotv.it\/w\/wp-content\/uploads\/2024\/08\/evs1-300x200.jpg 300w, https:\/\/www.monitor-radiotv.it\/w\/wp-content\/uploads\/2024\/08\/evs1-1024x683.jpg 1024w, https:\/\/www.monitor-radiotv.it\/w\/wp-content\/uploads\/2024\/08\/evs1-150x100.jpg 150w, https:\/\/www.monitor-radiotv.it\/w\/wp-content\/uploads\/2024\/08\/evs1-768x512.jpg 768w, https:\/\/www.monitor-radiotv.it\/w\/wp-content\/uploads\/2024\/08\/evs1-810x540.jpg 810w, https:\/\/www.monitor-radiotv.it\/w\/wp-content\/uploads\/2024\/08\/evs1-600x400.jpg 600w\" sizes=\"auto, (max-width: 458px) 100vw, 458px\" \/><\/a>La rinomata <strong>esperienza<\/strong> di <strong>MOG Technologies<\/strong> nella <strong>tecnologia cloud<\/strong> rafforzer\u00e0 la strategia di <strong>Balanced Computing<\/strong> di EVS, potenziando in particolare le soluzioni di gestione e distribuzione dei contenuti, rispettivamente <strong>MediaCeption\u00ae<\/strong> e <strong>MediaHub\u00ae<\/strong> .<br \/>\nIl rafforzamento dei <strong>servizi basati sul cloud<\/strong> di EVS si allinea perfettamente con le aspettative in evoluzione del mercato, assicurando che l&#8217;azienda rimanga all&#8217;avanguardia dei progressi tecnologici nella produzione live e near-live.<\/p>\n<p>Inoltre, con un team di quasi 50 colleghi con sede a Porto, l&#8217;acquisizione garantisce a EVS l&#8217;accesso a un pool di talenti altamente qualificati, che apportano una profonda esperienza nei media digitali e nella tecnologia video, al di l\u00e0 del broadcasting tradizionale. L&#8217; infusione di talenti \u00e8 destinata a guidare l&#8217;innovazione in nuove direzioni e a rafforzare la posizione di EVS come pioniere del settore.<\/p>\n<p>I clienti di<strong> EVS<\/strong> e di <strong>MOG Technologies<\/strong> beneficeranno dei punti di forza combinati di entrambe le aziende. L&#8217;acquisizione fornir\u00e0:<br \/>\n&#8211; un&#8217;offerta di prodotti pi\u00f9 ampia: una gamma pi\u00f9 ampia e pi\u00f9 integrata di prodotti. una gamma pi\u00f9 ampia e integrata di soluzioni per semplificare i flussi di lavoro dei media, dall&#8217;ingest alla distribuzione.<br \/>\n&#8211; Innovazione e sviluppo: Enha capacit\u00e0 di investimento nella ricerca e nello sviluppo per guidare i progressi tecnologici e fornire soluzioni all&#8217;avanguardia.<br \/>\n&#8211; Supporto e servizi ampliati: assistenza ai clienti e servizi professionali per garantire un&#8217;implementazione perfetta e un utilizzo ottimale del portafoglio di prodotti combinato.<\/p>\n<div id=\"attachment_45979\" class=\"wp-caption alignright\" style=\"width: 481px\"><a href=\"https:\/\/www.monitor-radiotv.it\/w\/wp-content\/uploads\/2024\/08\/evs_mog.jpg\"><img loading=\"lazy\" decoding=\"async\" class=\"wp-image-45979\" src=\"https:\/\/www.monitor-radiotv.it\/w\/wp-content\/uploads\/2024\/08\/evs_mog.jpg\" alt=\"\" width=\"481\" height=\"222\" srcset=\"https:\/\/www.monitor-radiotv.it\/w\/wp-content\/uploads\/2024\/08\/evs_mog.jpg 910w, https:\/\/www.monitor-radiotv.it\/w\/wp-content\/uploads\/2024\/08\/evs_mog-300x138.jpg 300w, https:\/\/www.monitor-radiotv.it\/w\/wp-content\/uploads\/2024\/08\/evs_mog-768x354.jpg 768w, https:\/\/www.monitor-radiotv.it\/w\/wp-content\/uploads\/2024\/08\/evs_mog-810x374.jpg 810w, https:\/\/www.monitor-radiotv.it\/w\/wp-content\/uploads\/2024\/08\/evs_mog-600x277.jpg 600w\" sizes=\"auto, (max-width: 481px) 100vw, 481px\" \/><\/a><p class=\"wp-caption-text\">Serge Van Herck e Miguel Sampaio<\/p><\/div>\n<p><em>\u201cSiamo entusiasti di dare il benvenuto al team di MOG Technologies nella famiglia EVS. L&#8217;integrazione di MOG Technologies \u00e8 un passo logico nella trasformazione di EVS, che va oltre i prodotti per offrire soluzioni complete e formare un ecosistema di produzione live di qualit\u00e0 superiore in cui tutte le storie live sono prodotte, gestite e distribuite senza soluzione di continuit\u00e0\u201d<\/em>, afferma <strong>Serge Van Herck<\/strong>, CEO di EVS. <em>\u201dLa gamma di prodotti di MOG Technologies \u00e8 stata migliorata per garantire un&#8217;implementazione perfetta, non solo completa il portafoglio esistente di EVS, ma aiuter\u00e0 anche a integrare rapidamente le capacit\u00e0 di ingest software-defined e a introdurre nuove funzionalit\u00e0 di transcodifica, sia on-premise che nel cloud, in linea con la strategia di Balanced Computing di EVS.<\/em><em>\u201d.<\/em><\/p>\n<p><strong>Miguel Sampaio<\/strong>, CEO di MOG Technologies, ha aggiunto: <em>\u201cUnire le forze con EVS \u00e8 un passo significativo per MOG Technologies. c L&#8217;unione delle competenze ci consentir\u00e0 di offrire soluzioni impareggiabili al settore dei media e delle trasmissioni. <\/em><em>Siamo <\/em><em>entusiasti delle opportunit\u00e0 che questa acquisizione ci offre e siamo ansiosi di contribuire al successo di EVS. \u201c<\/em><br \/>\nMOG Technologies genera un fatturato annuo di circa 4 milioni di euro. L&#8217;acquisizione rappresenta un valore, comprensivo di un meccanismo di earn-out, inferiore a 5 milioni di euro. L&#8217;accordo di acquisto delle azioni \u00e8 stato firmato lo scorso agosto. Il contratto di acquisto \u00e8 stato firmato il 2 agosto 2024 presso la sede di EVS a Parigi.<\/p>\n","protected":false},"excerpt":{"rendered":"<p>Un&#8217;acquisizione strategica per supportare ulteriormente l&#8217;estensione del flusso di lavoro di MediaCeption EVS, leader nella tecnologia di produzione di video dal vivo, acquisisce la societ\u00e0 portoghese MOG Technologies, una mossa strategica che arricchisce il portafoglio di EVS con soluzioni video all&#8217;avanguardia basate su file e software-defined. L&#8217; acquisizione consente a&#8230;<\/p>\n","protected":false},"author":1,"featured_media":46032,"comment_status":"closed","ping_status":"closed","sticky":false,"template":"","format":"standard","meta":{"om_disable_all_campaigns":false,"footnotes":""},"categories":[88267,12],"tags":[22],"class_list":["post-45978","post","type-post","status-publish","format-standard","has-post-thumbnail","hentry","category-cloud","category-produzione-video","tag-primo-piano"],"_links":{"self":[{"href":"https:\/\/www.monitor-radiotv.it\/w\/wp-json\/wp\/v2\/posts\/45978","targetHints":{"allow":["GET"]}}],"collection":[{"href":"https:\/\/www.monitor-radiotv.it\/w\/wp-json\/wp\/v2\/posts"}],"about":[{"href":"https:\/\/www.monitor-radiotv.it\/w\/wp-json\/wp\/v2\/types\/post"}],"author":[{"embeddable":true,"href":"https:\/\/www.monitor-radiotv.it\/w\/wp-json\/wp\/v2\/users\/1"}],"replies":[{"embeddable":true,"href":"https:\/\/www.monitor-radiotv.it\/w\/wp-json\/wp\/v2\/comments?post=45978"}],"version-history":[{"count":3,"href":"https:\/\/www.monitor-radiotv.it\/w\/wp-json\/wp\/v2\/posts\/45978\/revisions"}],"predecessor-version":[{"id":46035,"href":"https:\/\/www.monitor-radiotv.it\/w\/wp-json\/wp\/v2\/posts\/45978\/revisions\/46035"}],"wp:featuredmedia":[{"embeddable":true,"href":"https:\/\/www.monitor-radiotv.it\/w\/wp-json\/wp\/v2\/media\/46032"}],"wp:attachment":[{"href":"https:\/\/www.monitor-radiotv.it\/w\/wp-json\/wp\/v2\/media?parent=45978"}],"wp:term":[{"taxonomy":"category","embeddable":true,"href":"https:\/\/www.monitor-radiotv.it\/w\/wp-json\/wp\/v2\/categories?post=45978"},{"taxonomy":"post_tag","embeddable":true,"href":"https:\/\/www.monitor-radiotv.it\/w\/wp-json\/wp\/v2\/tags?post=45978"}],"curies":[{"name":"wp","href":"https:\/\/api.w.org\/{rel}","templated":true}]}}