{"id":46982,"date":"2025-01-13T12:18:15","date_gmt":"2025-01-13T11:18:15","guid":{"rendered":"https:\/\/www.monitor-radiotv.it\/w\/?p=46982"},"modified":"2025-01-16T14:53:21","modified_gmt":"2025-01-16T13:53:21","slug":"lawo-presentera-le-innovazioni-audio-di-nuova-generazione-al-namm-show-2025","status":"publish","type":"post","link":"https:\/\/www.monitor-radiotv.it\/w\/lawo-presentera-le-innovazioni-audio-di-nuova-generazione-al-namm-show-2025\/","title":{"rendered":"Lawo presenter\u00e0 le innovazioni audio di nuova generazione al NAMM Show 2025"},"content":{"rendered":"<div id=\"fb-root\"><\/div>\n<p><strong><em><a href=\"https:\/\/lawo.com\/\" target=\"_blank\" rel=\"noopener\">Lawo<\/a>, pioniere della tecnologia audio professionale, \u00e8 pronta a conquistare la comunit\u00e0 audio professionale mondiale al NAMM Show 2025, che si terr\u00e0 dal 23 al 25 gennaio presso l&#8217;Anaheim Convention Center. Presso lo stand 17306 nella North Hall, Lawo presenter\u00e0 i suoi ultimi progressi nelle applicazioni di produzione audio, progettati per offrire ai professionisti prestazioni, flessibilit\u00e0 e innovazione senza pari.<\/em><\/strong><\/p>\n<p><a href=\"https:\/\/www.monitor-radiotv.it\/w\/wp-content\/uploads\/2025\/01\/mc2_56MkIII_neu.png\"><img loading=\"lazy\" decoding=\"async\" class=\" wp-image-46990 alignright\" src=\"https:\/\/www.monitor-radiotv.it\/w\/wp-content\/uploads\/2025\/01\/mc2_56MkIII_neu.png\" alt=\"\" width=\"463\" height=\"162\" srcset=\"https:\/\/www.monitor-radiotv.it\/w\/wp-content\/uploads\/2025\/01\/mc2_56MkIII_neu.png 960w, https:\/\/www.monitor-radiotv.it\/w\/wp-content\/uploads\/2025\/01\/mc2_56MkIII_neu-300x105.png 300w, https:\/\/www.monitor-radiotv.it\/w\/wp-content\/uploads\/2025\/01\/mc2_56MkIII_neu-768x269.png 768w, https:\/\/www.monitor-radiotv.it\/w\/wp-content\/uploads\/2025\/01\/mc2_56MkIII_neu-810x284.png 810w, https:\/\/www.monitor-radiotv.it\/w\/wp-content\/uploads\/2025\/01\/mc2_56MkIII_neu-600x210.png 600w\" sizes=\"auto, (max-width: 463px) 100vw, 463px\" \/><\/a>Al centro della scena ci saranno le console di produzione <strong>audio mc\u00b2<\/strong> di <a href=\"https:\/\/lawo.com\/\" target=\"_blank\" rel=\"noopener\">Lawo<\/a>, rappresentate da <strong>mc\u00b256 MkIII<\/strong> e <strong>mc\u00b236 MkII<\/strong>, caricate con la nuovissima e avanzatissima versione software 12.0.0. Questo aggiornamento ridefinisce le capacit\u00e0 delle console <strong>audio mc\u00b2<\/strong> alimentate dall&#8217;<em>A__UHD Core Audio Engine<\/em> e aggiunge il supporto nativo per la <em>HOME mc\u00b2 DSP App<\/em>.<\/p>\n<p>La release 12.0.0 del software contiene i seguenti miglioramenti che snelliscono le operazioni e aumentano l&#8217;efficienza, e non solo: una pagina <em>Strip Assign<\/em> di nuova concezione semplifica la gestione dei canali, offrendo flussi di lavoro intuitivi e una navigazione pi\u00f9 rapida per risparmiare tempo prezioso per l&#8217;impostazione; l&#8217;integrazione con i sistemi <strong>Waves SuperRack 14<\/strong> \u00e8 portata a un livello superiore grazie al protocollo ProLink, che assicura una comunicazione senza interruzioni e riduce gli errori, consentendo al contempo l&#8217;accesso istantaneo ai plug-in; inoltre, i miglioramenti apportati alla gestione dei segnali forniscono ai tecnici un chiaro feedback visivo, migliorando la chiarezza operativa anche in ambienti con pi\u00f9 console.<\/p>\n<p><a href=\"https:\/\/www.monitor-radiotv.it\/w\/wp-content\/uploads\/2025\/01\/mc2_36_32.png\"><img loading=\"lazy\" decoding=\"async\" class=\" wp-image-46989 alignright\" src=\"https:\/\/www.monitor-radiotv.it\/w\/wp-content\/uploads\/2025\/01\/mc2_36_32.png\" alt=\"\" width=\"464\" height=\"204\" srcset=\"https:\/\/www.monitor-radiotv.it\/w\/wp-content\/uploads\/2025\/01\/mc2_36_32.png 800w, https:\/\/www.monitor-radiotv.it\/w\/wp-content\/uploads\/2025\/01\/mc2_36_32-300x132.png 300w, https:\/\/www.monitor-radiotv.it\/w\/wp-content\/uploads\/2025\/01\/mc2_36_32-768x338.png 768w, https:\/\/www.monitor-radiotv.it\/w\/wp-content\/uploads\/2025\/01\/mc2_36_32-640x280.png 640w, https:\/\/www.monitor-radiotv.it\/w\/wp-content\/uploads\/2025\/01\/mc2_36_32-600x264.png 600w\" sizes=\"auto, (max-width: 464px) 100vw, 464px\" \/><\/a>Questa nuova versione inaugura una nuova era di flessibilit\u00e0 e potenza, con il controllo nativo di <strong>HOME mc\u00b2 DSP<\/strong> e l&#8217;aggiunta di 128 canali di elaborazione per <strong>mc\u00b236 MkII<\/strong>. <em>HOME mc\u00b2 DSP<\/em> di Lawo \u00e8 un&#8217;alternativa software al processore <em>A__UHD Core<\/em> in un pacchetto basato su CPU per i flussi di lavoro di produzione ed \u00e8 basato sulla piattaforma unificata e aperta HOME di Lawo, dove l&#8217;agilit\u00e0 operativa \u00e8 fondamentale. Eseguita su piattaforme CPU generiche che utilizzano tecnologie cloud-native e microservizi basati su container, la <strong>HOME mc\u00b2 DSP App<\/strong> garantisce un&#8217;agilit\u00e0 e una scalabilit\u00e0 eccezionali, consentendo ai professionisti di soddisfare le esigenze anche dei flussi di lavoro di produzione audio pi\u00f9 complessi. L&#8217;app HOME mc\u00b2 DSP fornisce fino a 2048 canali di elaborazione in ingresso con l&#8217;acclamata architettura DSP mc\u00b2-grade, supportando in modo nativo i formati immersivi.<\/p>\n<p>&nbsp;<\/p>\n","protected":false},"excerpt":{"rendered":"<p>Lawo, pioniere della tecnologia audio professionale, \u00e8 pronta a conquistare la comunit\u00e0 audio professionale mondiale al NAMM Show 2025, che si terr\u00e0 dal 23 al 25 gennaio presso l&#8217;Anaheim Convention Center. Presso lo stand 17306 nella North Hall, Lawo presenter\u00e0 i suoi ultimi progressi nelle applicazioni di produzione audio, progettati&#8230;<\/p>\n","protected":false},"author":1,"featured_media":47036,"comment_status":"closed","ping_status":"closed","sticky":false,"template":"","format":"standard","meta":{"om_disable_all_campaigns":false,"footnotes":""},"categories":[58086,10,74,13],"tags":[28],"class_list":["post-46982","post","type-post","status-publish","format-standard","has-post-thumbnail","hentry","category-attualita","category-audio","category-media","category-produzione-audio","tag-audio-radio-alta-frequenza"],"_links":{"self":[{"href":"https:\/\/www.monitor-radiotv.it\/w\/wp-json\/wp\/v2\/posts\/46982","targetHints":{"allow":["GET"]}}],"collection":[{"href":"https:\/\/www.monitor-radiotv.it\/w\/wp-json\/wp\/v2\/posts"}],"about":[{"href":"https:\/\/www.monitor-radiotv.it\/w\/wp-json\/wp\/v2\/types\/post"}],"author":[{"embeddable":true,"href":"https:\/\/www.monitor-radiotv.it\/w\/wp-json\/wp\/v2\/users\/1"}],"replies":[{"embeddable":true,"href":"https:\/\/www.monitor-radiotv.it\/w\/wp-json\/wp\/v2\/comments?post=46982"}],"version-history":[{"count":3,"href":"https:\/\/www.monitor-radiotv.it\/w\/wp-json\/wp\/v2\/posts\/46982\/revisions"}],"predecessor-version":[{"id":46992,"href":"https:\/\/www.monitor-radiotv.it\/w\/wp-json\/wp\/v2\/posts\/46982\/revisions\/46992"}],"wp:featuredmedia":[{"embeddable":true,"href":"https:\/\/www.monitor-radiotv.it\/w\/wp-json\/wp\/v2\/media\/47036"}],"wp:attachment":[{"href":"https:\/\/www.monitor-radiotv.it\/w\/wp-json\/wp\/v2\/media?parent=46982"}],"wp:term":[{"taxonomy":"category","embeddable":true,"href":"https:\/\/www.monitor-radiotv.it\/w\/wp-json\/wp\/v2\/categories?post=46982"},{"taxonomy":"post_tag","embeddable":true,"href":"https:\/\/www.monitor-radiotv.it\/w\/wp-json\/wp\/v2\/tags?post=46982"}],"curies":[{"name":"wp","href":"https:\/\/api.w.org\/{rel}","templated":true}]}}