{"id":48071,"date":"2025-08-22T16:00:09","date_gmt":"2025-08-22T14:00:09","guid":{"rendered":"https:\/\/www.monitor-radiotv.it\/w\/?p=48071"},"modified":"2025-08-22T16:00:09","modified_gmt":"2025-08-22T14:00:09","slug":"evs-espande-la-propria-presenza-globale-con-lacquisizione-di-telemetrics","status":"publish","type":"post","link":"https:\/\/www.monitor-radiotv.it\/w\/evs-espande-la-propria-presenza-globale-con-lacquisizione-di-telemetrics\/","title":{"rendered":"EVS espande la propria presenza globale con l&#8217;acquisizione di Telemetrics"},"content":{"rendered":"<div id=\"fb-root\"><\/div>\n<h4><em><strong>L&#8217;accordo consentir\u00e0 all&#8217;azienda di esplorare opportunit\u00e0 di assemblaggio dei prodotti negli Stati Uniti, \u201csupportando l&#8217;agilit\u00e0 nella risposta all&#8217;evoluzione delle strutture tariffarie\u201d.<\/strong><\/em><\/h4>\n<p><a href=\"https:\/\/evs.com\/eu\" target=\"_blank\" rel=\"noopener\">EVS<\/a> ha annunciato l&#8217;acquisizione dell&#8217;azienda statunitense <a href=\"https:\/\/telemetricsinc.com\/\" target=\"_blank\" rel=\"noopener\">Telemetrics<\/a>, specializzata nella robotica per i media, in risposta alle questioni macroeconomiche globali.<br \/>\nL&#8217;azienda ha affermato che questa mossa \u201crafforza\u201d la sua presenza negli Stati Uniti, sbloccando sinergie nell&#8217;ecosistema EVS e creando nuove opportunit\u00e0 di guadagno.<br \/>\nL&#8217;integrazione consentir\u00e0 inoltre a EVS di esplorare opportunit\u00e0 di assemblaggio dei prodotti negli Stati Uniti, <em>\u201csupportando l&#8217;agilit\u00e0 in risposta all&#8217;evoluzione delle strutture tariffarie\u201d<\/em>.<\/p>\n<p><a href=\"https:\/\/www.monitor-radiotv.it\/w\/wp-content\/uploads\/2020\/05\/serge-vanherck.jpg\"><img loading=\"lazy\" decoding=\"async\" class=\"alignleft  wp-image-28961\" src=\"https:\/\/www.monitor-radiotv.it\/w\/wp-content\/uploads\/2020\/05\/serge-vanherck.jpg\" alt=\"\" width=\"225\" height=\"125\" \/><\/a>Commentando l&#8217;accordo, <strong>Serge Van Herck<\/strong>, CEO di EVS, ha dichiarato: <em>&#8220;Questa acquisizione segna una tappa fondamentale nella nostra strategia di espansione e potenziamento del nostro portafoglio con soluzioni di robotica intelligente. La tradizione di innovazione e precisione di Telemetrics si allinea perfettamente con la missione di EVS di fornire ai clienti strumenti di produzione live pi\u00f9 intelligenti e coinvolgenti. Siamo fiduciosi che questa mossa favorir\u00e0 la crescita a lungo termine e il valore per gli azionisti. Inoltre, questa acquisizione fornisce a EVS capacit\u00e0 produttiva negli Stati Uniti\u201c.<\/em><\/p>\n<p><strong><a href=\"https:\/\/www.monitor-radiotv.it\/w\/wp-content\/uploads\/2024\/03\/michael_cuomo.jpg\"><img loading=\"lazy\" decoding=\"async\" class=\" wp-image-45079 alignright\" src=\"https:\/\/www.monitor-radiotv.it\/w\/wp-content\/uploads\/2024\/03\/michael_cuomo.jpg\" alt=\"\" width=\"377\" height=\"377\" srcset=\"https:\/\/www.monitor-radiotv.it\/w\/wp-content\/uploads\/2024\/03\/michael_cuomo.jpg 600w, https:\/\/www.monitor-radiotv.it\/w\/wp-content\/uploads\/2024\/03\/michael_cuomo-300x300.jpg 300w, https:\/\/www.monitor-radiotv.it\/w\/wp-content\/uploads\/2024\/03\/michael_cuomo-180x180.jpg 180w, https:\/\/www.monitor-radiotv.it\/w\/wp-content\/uploads\/2024\/03\/michael_cuomo-119x120.jpg 119w, https:\/\/www.monitor-radiotv.it\/w\/wp-content\/uploads\/2024\/03\/michael_cuomo-55x55.jpg 55w, https:\/\/www.monitor-radiotv.it\/w\/wp-content\/uploads\/2024\/03\/michael_cuomo-70x70.jpg 70w, https:\/\/www.monitor-radiotv.it\/w\/wp-content\/uploads\/2024\/03\/michael_cuomo-114x114.jpg 114w, https:\/\/www.monitor-radiotv.it\/w\/wp-content\/uploads\/2024\/03\/michael_cuomo-100x100.jpg 100w, https:\/\/www.monitor-radiotv.it\/w\/wp-content\/uploads\/2024\/03\/michael_cuomo-150x150.jpg 150w\" sizes=\"auto, (max-width: 377px) 100vw, 377px\" \/><\/a>Michael Cuomo<\/strong>, vicepresidente di Telemetrics, ha aggiunto: \u201d<em>Siamo orgogliosi di portare l&#8217;eredit\u00e0 della nostra famiglia nell&#8217;ecosistema EVS. Questa partnership ci consente di estendere la nostra portata oltre gli Stati Uniti e di offrire le nostre soluzioni di produzione premium a un pubblico mondiale. EVS condivide i nostri valori e la nostra visione, rendendola il partner ideale per portare avanti le innovazioni avviate da mio nonno e mio padre.<\/em><br \/>\n<em>Per i nostri dipendenti, questo segna un nuovo entusiasmante capitolo ricco di opportunit\u00e0 di crescita, collaborazione e innovazione. I nostri clienti beneficeranno di un supporto ampliato, di un&#8217;automazione pi\u00f9 intelligente e di una maggiore integrazione con le piattaforme di livello mondiale di EVS. E per i nostri partner commerciali, questa acquisizione apre le porte a nuovi mercati e iniziative di sviluppo congiunto che porteranno al successo reciproco. Siamo entusiasti di ci\u00f2 che ci aspetta e fiduciosi che, insieme a EVS, continueremo a plasmare il futuro della robotica per la produzione multimediale&#8221;.<\/em><br \/>\nLa chiusura dell&#8217;accordo \u00e8 prevista per il 1\u00b0 ottobre 2025.<\/p>\n","protected":false},"excerpt":{"rendered":"<p>L&#8217;accordo consentir\u00e0 all&#8217;azienda di esplorare opportunit\u00e0 di assemblaggio dei prodotti negli Stati Uniti, \u201csupportando l&#8217;agilit\u00e0 nella risposta all&#8217;evoluzione delle strutture tariffarie\u201d. EVS ha annunciato l&#8217;acquisizione dell&#8217;azienda statunitense Telemetrics, specializzata nella robotica per i media, in risposta alle questioni macroeconomiche globali. L&#8217;azienda ha affermato che questa mossa \u201crafforza\u201d la sua presenza&#8230;<\/p>\n","protected":false},"author":1,"featured_media":48073,"comment_status":"closed","ping_status":"closed","sticky":false,"template":"","format":"standard","meta":{"om_disable_all_campaigns":false,"footnotes":""},"categories":[55271,58086,153398,74,12],"tags":[22],"class_list":["post-48071","post","type-post","status-publish","format-standard","has-post-thumbnail","hentry","category-accessori","category-attualita","category-live-production","category-media","category-produzione-video","tag-primo-piano"],"_links":{"self":[{"href":"https:\/\/www.monitor-radiotv.it\/w\/wp-json\/wp\/v2\/posts\/48071","targetHints":{"allow":["GET"]}}],"collection":[{"href":"https:\/\/www.monitor-radiotv.it\/w\/wp-json\/wp\/v2\/posts"}],"about":[{"href":"https:\/\/www.monitor-radiotv.it\/w\/wp-json\/wp\/v2\/types\/post"}],"author":[{"embeddable":true,"href":"https:\/\/www.monitor-radiotv.it\/w\/wp-json\/wp\/v2\/users\/1"}],"replies":[{"embeddable":true,"href":"https:\/\/www.monitor-radiotv.it\/w\/wp-json\/wp\/v2\/comments?post=48071"}],"version-history":[{"count":2,"href":"https:\/\/www.monitor-radiotv.it\/w\/wp-json\/wp\/v2\/posts\/48071\/revisions"}],"predecessor-version":[{"id":48074,"href":"https:\/\/www.monitor-radiotv.it\/w\/wp-json\/wp\/v2\/posts\/48071\/revisions\/48074"}],"wp:featuredmedia":[{"embeddable":true,"href":"https:\/\/www.monitor-radiotv.it\/w\/wp-json\/wp\/v2\/media\/48073"}],"wp:attachment":[{"href":"https:\/\/www.monitor-radiotv.it\/w\/wp-json\/wp\/v2\/media?parent=48071"}],"wp:term":[{"taxonomy":"category","embeddable":true,"href":"https:\/\/www.monitor-radiotv.it\/w\/wp-json\/wp\/v2\/categories?post=48071"},{"taxonomy":"post_tag","embeddable":true,"href":"https:\/\/www.monitor-radiotv.it\/w\/wp-json\/wp\/v2\/tags?post=48071"}],"curies":[{"name":"wp","href":"https:\/\/api.w.org\/{rel}","templated":true}]}}