{"id":48230,"date":"2025-09-10T16:53:56","date_gmt":"2025-09-10T14:53:56","guid":{"rendered":"https:\/\/www.monitor-radiotv.it\/w\/?p=48230"},"modified":"2025-09-10T16:57:32","modified_gmt":"2025-09-10T14:57:32","slug":"evs-lancia-la-soluzione-flexible-control-room-allibc-2025","status":"publish","type":"post","link":"https:\/\/www.monitor-radiotv.it\/w\/evs-lancia-la-soluzione-flexible-control-room-allibc-2025\/","title":{"rendered":"EVS lancia la soluzione Flexible Control Room all&#8217;IBC 2025"},"content":{"rendered":"<div id=\"fb-root\"><\/div>\n<h4><em><strong>IBC 2025 segner\u00e0 il lancio del primo componente della soluzione Flexible Control Room (FCR) di EVS. Questa soluzione di nuova generazione \u00e8 pensata per aumentare la produttivit\u00e0 e la creativit\u00e0, introducendo al contempo la massima flessibilit\u00e0 nei processi di produzione.<\/strong><\/em><\/h4>\n<p><a href=\"https:\/\/www.monitor-radiotv.it\/w\/wp-content\/uploads\/2025\/09\/evs3.jpg\"><img loading=\"lazy\" decoding=\"async\" class=\" wp-image-48286 alignright\" src=\"https:\/\/www.monitor-radiotv.it\/w\/wp-content\/uploads\/2025\/09\/evs3.jpg\" alt=\"\" width=\"410\" height=\"273\" srcset=\"https:\/\/www.monitor-radiotv.it\/w\/wp-content\/uploads\/2025\/09\/evs3.jpg 700w, https:\/\/www.monitor-radiotv.it\/w\/wp-content\/uploads\/2025\/09\/evs3-300x200.jpg 300w, https:\/\/www.monitor-radiotv.it\/w\/wp-content\/uploads\/2025\/09\/evs3-150x100.jpg 150w, https:\/\/www.monitor-radiotv.it\/w\/wp-content\/uploads\/2025\/09\/evs3-600x400.jpg 600w\" sizes=\"auto, (max-width: 410px) 100vw, 410px\" \/><\/a>Per la prima volta, i partecipanti all&#8217;IBC potranno assistere a dimostrazioni dal vivo delle interfacce utente modulari di FCR che traducono la complessa orchestrazione del backend in interfacce utente semplificate e specifiche per ogni attivit\u00e0, consentendo una maggiore agilit\u00e0 operativa, efficienza e scalabilit\u00e0.<\/p>\n<p>Il concetto di <strong>Flexible Control Room (FCR)<\/strong> nasce dalla Control Room 42 (CR42), una collaborazione visionaria tra <a href=\"https:\/\/evs.com\" target=\"_blank\" rel=\"noopener\">EVS<\/a> e RTBF, l&#8217;emittente pubblica francofona belga.<br \/>\nOra, RTBF \u00e8 all&#8217;avanguardia come prima emittente ad adottare pienamente questa soluzione di controllo di nuova generazione, ponendo Tactiq al centro della sua struttura all&#8217;avanguardia Media Square interamente basata su IP.<\/p>\n<p><a href=\"https:\/\/www.monitor-radiotv.it\/w\/wp-content\/uploads\/2025\/09\/evs2.png\"><img loading=\"lazy\" decoding=\"async\" class=\" wp-image-48285 alignright\" src=\"https:\/\/www.monitor-radiotv.it\/w\/wp-content\/uploads\/2025\/09\/evs2.png\" alt=\"\" width=\"410\" height=\"246\" srcset=\"https:\/\/www.monitor-radiotv.it\/w\/wp-content\/uploads\/2025\/09\/evs2.png 600w, https:\/\/www.monitor-radiotv.it\/w\/wp-content\/uploads\/2025\/09\/evs2-300x180.png 300w\" sizes=\"auto, (max-width: 410px) 100vw, 410px\" \/><\/a>Inoltre, il team <a href=\"https:\/\/evs.com\" target=\"_blank\" rel=\"noopener\"><strong>EVS MediaInfra<\/strong><\/a> metter\u00e0 in evidenza gli ultimi progressi di Cerebrum, il suo sistema di controllo e orchestrazione di punta per le trasmissioni televisive. Con un front-end web migliorato, pacchetti di pannelli UI ampliati, gestione federata di pi\u00f9 strutture e assegnazione dinamica delle strutture multimediali, Cerebrum consente alle emittenti televisive di gestire meglio operazioni sempre pi\u00f9 complesse.<\/p>\n<p><a href=\"https:\/\/www.monitor-radiotv.it\/w\/wp-content\/uploads\/2025\/09\/evs4.jpg\"><img loading=\"lazy\" decoding=\"async\" class=\" wp-image-48287 alignleft\" src=\"https:\/\/www.monitor-radiotv.it\/w\/wp-content\/uploads\/2025\/09\/evs4.jpg\" alt=\"\" width=\"414\" height=\"233\" srcset=\"https:\/\/www.monitor-radiotv.it\/w\/wp-content\/uploads\/2025\/09\/evs4.jpg 1920w, https:\/\/www.monitor-radiotv.it\/w\/wp-content\/uploads\/2025\/09\/evs4-300x169.jpg 300w, https:\/\/www.monitor-radiotv.it\/w\/wp-content\/uploads\/2025\/09\/evs4-1024x576.jpg 1024w, https:\/\/www.monitor-radiotv.it\/w\/wp-content\/uploads\/2025\/09\/evs4-768x432.jpg 768w, https:\/\/www.monitor-radiotv.it\/w\/wp-content\/uploads\/2025\/09\/evs4-1536x864.jpg 1536w, https:\/\/www.monitor-radiotv.it\/w\/wp-content\/uploads\/2025\/09\/evs4-810x456.jpg 810w, https:\/\/www.monitor-radiotv.it\/w\/wp-content\/uploads\/2025\/09\/evs4-600x338.jpg 600w\" sizes=\"auto, (max-width: 414px) 100vw, 414px\" \/><\/a>Allo stand \u00e8 presente anche il multiviewer SDI\/IP a bassa latenza <strong>Neuron View<\/strong>. Ora perfettamente integrato con<strong> Cerebrum<\/strong>, gli operatori possono beneficiare del controllo touchscreen sul routing del segnale, il controllo delle preimpostazioni, la correzione del colore in ingresso e il monitoraggio.<br \/>\nOffre ingressi aggiuntivi, il doppio del numero di uscite e dispone di un editor mosaico basato sul web. \u00c8 il successore ideale dei multiviewer SDI legacy ed \u00e8 progettato appositamente per le esigenze della produzione live.<\/p>\n<p>Inoltre, <strong>Neuron Bridge<\/strong> \u00e8 stato migliorato per supportare fino a 144 flussi audio IP e pi\u00f9 tracce audio per segnale video, offrendo un controllo preciso dello shuffling audio, del guadagno e del ritardo. La sua capacit\u00e0 di instradamento audio ampliata e la resilienza IP lo rendono uno strumento potente che aiuta i team di ingegneri a mantenere la qualit\u00e0 e la coerenza con meno strumenti.<br \/>\nNel frattempo, <strong>Neuron Convert<\/strong> semplifica ulteriormente l&#8217;elaborazione del segnale in tempo reale, offrendo trasformazioni LUT, conversione up\/down\/cross, deinterlacciamento di alta qualit\u00e0 e funzionalit\u00e0 di correzione del colore. L&#8217;inclusione della codifica Dolby E\/D\/D+ e il trasporto robusto del segnale garantiscono prestazioni mission-critical nei flussi di lavoro distribuiti.<\/p>\n","protected":false},"excerpt":{"rendered":"<p>IBC 2025 segner\u00e0 il lancio del primo componente della soluzione Flexible Control Room (FCR) di EVS. Questa soluzione di nuova generazione \u00e8 pensata per aumentare la produttivit\u00e0 e la creativit\u00e0, introducendo al contempo la massima flessibilit\u00e0 nei processi di produzione. Per la prima volta, i partecipanti all&#8217;IBC potranno assistere a&#8230;<\/p>\n","protected":false},"author":1,"featured_media":48284,"comment_status":"closed","ping_status":"closed","sticky":false,"template":"","format":"standard","meta":{"om_disable_all_campaigns":false,"footnotes":""},"categories":[153398,74,12,72425,77,50,136321],"tags":[171802,29],"class_list":["post-48230","post","type-post","status-publish","format-standard","has-post-thumbnail","hentry","category-live-production","category-media","category-produzione-video","category-switcher-mixer","category-tecnologie","category-video","category-videowall","tag-ibc-2025","tag-mosaico"],"_links":{"self":[{"href":"https:\/\/www.monitor-radiotv.it\/w\/wp-json\/wp\/v2\/posts\/48230","targetHints":{"allow":["GET"]}}],"collection":[{"href":"https:\/\/www.monitor-radiotv.it\/w\/wp-json\/wp\/v2\/posts"}],"about":[{"href":"https:\/\/www.monitor-radiotv.it\/w\/wp-json\/wp\/v2\/types\/post"}],"author":[{"embeddable":true,"href":"https:\/\/www.monitor-radiotv.it\/w\/wp-json\/wp\/v2\/users\/1"}],"replies":[{"embeddable":true,"href":"https:\/\/www.monitor-radiotv.it\/w\/wp-json\/wp\/v2\/comments?post=48230"}],"version-history":[{"count":6,"href":"https:\/\/www.monitor-radiotv.it\/w\/wp-json\/wp\/v2\/posts\/48230\/revisions"}],"predecessor-version":[{"id":48291,"href":"https:\/\/www.monitor-radiotv.it\/w\/wp-json\/wp\/v2\/posts\/48230\/revisions\/48291"}],"wp:featuredmedia":[{"embeddable":true,"href":"https:\/\/www.monitor-radiotv.it\/w\/wp-json\/wp\/v2\/media\/48284"}],"wp:attachment":[{"href":"https:\/\/www.monitor-radiotv.it\/w\/wp-json\/wp\/v2\/media?parent=48230"}],"wp:term":[{"taxonomy":"category","embeddable":true,"href":"https:\/\/www.monitor-radiotv.it\/w\/wp-json\/wp\/v2\/categories?post=48230"},{"taxonomy":"post_tag","embeddable":true,"href":"https:\/\/www.monitor-radiotv.it\/w\/wp-json\/wp\/v2\/tags?post=48230"}],"curies":[{"name":"wp","href":"https:\/\/api.w.org\/{rel}","templated":true}]}}