{"id":4918,"date":"2015-03-20T11:45:21","date_gmt":"2015-03-20T11:45:21","guid":{"rendered":"http:\/\/www.monitor-radiotv.it\/w\/?p=4918"},"modified":"2019-11-15T21:13:27","modified_gmt":"2019-11-15T20:13:27","slug":"micro-salon-italia-2015-il-meglio-della-tecnologia-panasonic-al-servizio-della-produzione-cinematografica","status":"publish","type":"post","link":"https:\/\/www.monitor-radiotv.it\/w\/micro-salon-italia-2015-il-meglio-della-tecnologia-panasonic-al-servizio-della-produzione-cinematografica\/","title":{"rendered":"Micro Salon Italia 2015: il meglio della tecnologia Panasonic al servizio della produzione cinematografica"},"content":{"rendered":"<div id=\"fb-root\"><\/div>\n<p><strong>Si \u00e8 conclusa domenica scorsa Micro Salon Italia 2015 &#8211; vetrina di nuove tecnologie per il mondo del cineaudiovisivo &#8211; in programma il 14 e il 15 marzo 2015 presso il Salone della Fontane, all\u2019EUR, a Roma. Promossa da AIC, Associazione Italiana Autori della Fotografia Cinematografica, la manifestazione ha visto quest\u2019anno la partecipazione di 52 marchi espositori, contro i 40 del 2014 e i 16 del 2013. I visitatori, professionisti del settore, amatori ma anche un pubblico semplicemente interessato e incuriosito dal \u201cdietro le quinte\u201d della produzione cinematografica, ha potuto vedere di persona le proposte pi\u00f9 innovative e performanti per la produzione cinematografica e televisiva.<a href=\"\/\/www.monitor-radiotv.it\/w\/wp-content\/uploads\/2015\/03\/Panasonic-monitor-4K-BT-4LH310.jpg\"><img loading=\"lazy\" decoding=\"async\" class=\"alignright  wp-image-4920\" src=\"\/\/www.monitor-radiotv.it\/w\/wp-content\/uploads\/2015\/03\/Panasonic-monitor-4K-BT-4LH310.jpg\" alt=\"Panasonic monitor 4K - BT-4LH310\" width=\"420\" height=\"317\" srcset=\"https:\/\/www.monitor-radiotv.it\/w\/wp-content\/uploads\/2015\/03\/Panasonic-monitor-4K-BT-4LH310.jpg 642w, https:\/\/www.monitor-radiotv.it\/w\/wp-content\/uploads\/2015\/03\/Panasonic-monitor-4K-BT-4LH310-300x226.jpg 300w, https:\/\/www.monitor-radiotv.it\/w\/wp-content\/uploads\/2015\/03\/Panasonic-monitor-4K-BT-4LH310-400x302.jpg 400w\" sizes=\"auto, (max-width: 420px) 100vw, 420px\" \/><\/a><\/strong><\/p>\n<p><strong>Panasonic<\/strong> ha partecipato per la prima volta al <strong>Micro Salon Italia <\/strong>per presentare le straordinarie potenzialit\u00e0 delle sue pi\u00f9 recenti novit\u00e0 &#8211; le videocamere <a href=\"http:\/\/business.panasonic.it\/telecamere-professionali\/prodotti-e-accessori\/broadcast-e-proav\/varicam\/varicam-35\" target=\"_blank\" rel=\"noopener noreferrer\"><strong>VariCam 35<\/strong><\/a> e\u00a0<a href=\"http:\/\/business.panasonic.it\/telecamere-professionali\/prodotti-e-accessori\/broadcast-e-proav\/varicam\/varicam-hs\" target=\"_blank\" rel=\"noopener noreferrer\"><strong>VariCam HS<\/strong><\/a> &#8211; e il <strong>monitor LCD 4K <\/strong><a href=\"http:\/\/business.panasonic.it\/telecamere-professionali\/prodotti-e-accessori\/broadcast-e-proav\/monitor-professionali\/BT-4LH310\" target=\"_blank\" rel=\"noopener noreferrer\"><strong>BT-4LH310<\/strong><\/a>.<\/p>\n<p>Nello stand espositivo Panasonic, un team di esperti ha accolto il pubblico di visitatori offrendo informazioni tecniche sui prodotti e una dettagliata panoramica sulle applicazioni e realizzazioni progettate nel corso dell\u2019ultimo anno. L\u2019azienda si \u00e8 rivolta ai produttori video indipendenti, alle case di produzione cinematografica e ai direttori della fotografia con un\u2019offerta in grado di rispondere al meglio alle loro esigenze. I professionisti del settore hanno infatti potuto esplorare tutte le \u201cfeatures\u201d della gamma VariCam di Panasonic del monitor con risoluzione nativa 4K BT-4LH310.<\/p>\n<p>Dal lancio della VariCam originale nel 2002, il primo camcorder ad alta definizione con capacit\u00e0 slow motion e fast motion e in grado di creare immagini di qualit\u00e0 cinematografica, i tecnici Panasonic hanno dedicato il massimo impegno per continuare a presentare idee innovative al mercato della produzione. Focus del Micro Salon Italia le due versioni: \u00a0<strong>VariCam 35<\/strong>, telecamera 4K con sensore Super 35 mm, e <strong>VariCam HS<\/strong>, con tre sensori da 2\/3&#8243; e ad alta velocit\u00e0 (240 fps).<\/p>\n<p><a href=\"\/\/www.monitor-radiotv.it\/w\/wp-content\/uploads\/2015\/03\/Varicam-HS1.jpg\"><img loading=\"lazy\" decoding=\"async\" class=\"alignright  wp-image-4922\" src=\"\/\/www.monitor-radiotv.it\/w\/wp-content\/uploads\/2015\/03\/Varicam-HS1.jpg\" alt=\"Varicam HS\" width=\"451\" height=\"278\" srcset=\"https:\/\/www.monitor-radiotv.it\/w\/wp-content\/uploads\/2015\/03\/Varicam-HS1.jpg 2200w, https:\/\/www.monitor-radiotv.it\/w\/wp-content\/uploads\/2015\/03\/Varicam-HS1-300x185.jpg 300w, https:\/\/www.monitor-radiotv.it\/w\/wp-content\/uploads\/2015\/03\/Varicam-HS1-1024x633.jpg 1024w, https:\/\/www.monitor-radiotv.it\/w\/wp-content\/uploads\/2015\/03\/Varicam-HS1-500x308.jpg 500w, https:\/\/www.monitor-radiotv.it\/w\/wp-content\/uploads\/2015\/03\/Varicam-HS1-810x500.jpg 810w, https:\/\/www.monitor-radiotv.it\/w\/wp-content\/uploads\/2015\/03\/Varicam-HS1-400x247.jpg 400w\" sizes=\"auto, (max-width: 451px) 100vw, 451px\" \/><\/a>Entrambe le Camere in virt\u00f9 del concept modulare possono condividere sia la parte di registrazione che il Viewfinder e gli accessori.<\/p>\n<p>Il monitor LCD professionale BT-4LH310 con dimensione 787.4 mm da 31 pollici \u00e8 la soluzione ideale per produzioni live di immagini in 4K. Offre prestazioni eccellenti con risoluzione\u00a0 4K (4096 x 2160) e DCI (P3) e un ampio angolo visuale. Inoltre, riproduce fedelmente fino a 1,07 miliardi di colori, con struttura in alluminio resistente e alimentazione AC\/DC.<\/p>\n<p>Nel corso della due giorni romana, i partecipanti alla manifestazione hanno potuto vedere l\u2019integrazione della VariCam con due differenti software: <strong>LiveGrade PRO<\/strong> e <strong>DaVinci Resolve<\/strong>. <strong>LiveGrade PRO<\/strong> \u00e8 stato adattato per comunicare direttamente con la VariCam allo scopo di caricare le 3D LUT direttamente nella telecamera via Wi-Fi.<\/p>\n<p>La suite BMD <strong>DaVinci Resolve 11<\/strong>, invece, \u00e8 in grado di importare direttamente al suo interno il girato\u00a0VariCam 4K in 4:4:4 12 bit mediante un Lettore\u00a0 di Express P2 Cards 256GB collegato con l\u2019interfaccia USB 3.0.<\/p>\n","protected":false},"excerpt":{"rendered":"<p>Si \u00e8 conclusa domenica scorsa Micro Salon Italia 2015 &#8211; vetrina di nuove tecnologie per il mondo del cineaudiovisivo &#8211; in programma il 14 e il 15 marzo 2015 presso il Salone della Fontane, all\u2019EUR, a Roma. Promossa da AIC, Associazione Italiana Autori della Fotografia Cinematografica, la manifestazione ha visto&#8230;<\/p>\n","protected":false},"author":1,"featured_media":4921,"comment_status":"closed","ping_status":"closed","sticky":false,"template":"","format":"standard","meta":{"om_disable_all_campaigns":false,"footnotes":""},"categories":[69,12,77],"tags":[],"class_list":["post-4918","post","type-post","status-publish","format-standard","has-post-thumbnail","hentry","category-cinema","category-produzione-video","category-tecnologie"],"_links":{"self":[{"href":"https:\/\/www.monitor-radiotv.it\/w\/wp-json\/wp\/v2\/posts\/4918","targetHints":{"allow":["GET"]}}],"collection":[{"href":"https:\/\/www.monitor-radiotv.it\/w\/wp-json\/wp\/v2\/posts"}],"about":[{"href":"https:\/\/www.monitor-radiotv.it\/w\/wp-json\/wp\/v2\/types\/post"}],"author":[{"embeddable":true,"href":"https:\/\/www.monitor-radiotv.it\/w\/wp-json\/wp\/v2\/users\/1"}],"replies":[{"embeddable":true,"href":"https:\/\/www.monitor-radiotv.it\/w\/wp-json\/wp\/v2\/comments?post=4918"}],"version-history":[{"count":1,"href":"https:\/\/www.monitor-radiotv.it\/w\/wp-json\/wp\/v2\/posts\/4918\/revisions"}],"predecessor-version":[{"id":26157,"href":"https:\/\/www.monitor-radiotv.it\/w\/wp-json\/wp\/v2\/posts\/4918\/revisions\/26157"}],"wp:featuredmedia":[{"embeddable":true,"href":"https:\/\/www.monitor-radiotv.it\/w\/wp-json\/wp\/v2\/media\/4921"}],"wp:attachment":[{"href":"https:\/\/www.monitor-radiotv.it\/w\/wp-json\/wp\/v2\/media?parent=4918"}],"wp:term":[{"taxonomy":"category","embeddable":true,"href":"https:\/\/www.monitor-radiotv.it\/w\/wp-json\/wp\/v2\/categories?post=4918"},{"taxonomy":"post_tag","embeddable":true,"href":"https:\/\/www.monitor-radiotv.it\/w\/wp-json\/wp\/v2\/tags?post=4918"}],"curies":[{"name":"wp","href":"https:\/\/api.w.org\/{rel}","templated":true}]}}