{"id":5478,"date":"2015-05-13T07:35:19","date_gmt":"2015-05-13T07:35:19","guid":{"rendered":"http:\/\/www.monitor-radiotv.it\/w\/?p=5478"},"modified":"2019-11-15T21:14:45","modified_gmt":"2019-11-15T20:14:45","slug":"aperte-le-iscrizioni-per-il-forum-europeo-digitale-di-giugno-a-lucca","status":"publish","type":"post","link":"https:\/\/www.monitor-radiotv.it\/w\/aperte-le-iscrizioni-per-il-forum-europeo-digitale-di-giugno-a-lucca\/","title":{"rendered":"Aperte le iscrizioni per il Forum Europeo Digitale di giugno a Lucca"},"content":{"rendered":"<div id=\"fb-root\"><\/div>\n<p>Oltre\u00a040 relatori per\u00a0l&#8217;\u00a0<a href=\"http:\/\/www.forumeuropeo.tv\/\" target=\"_blank\" rel=\"noopener noreferrer\">HbbTv European Round Table\/12\u00b0 Forum Europeo Digitale<\/a> che si terr\u00e0 come di consueto al Palazzo Ducale di\u00a0Lucca\u00a0nelle giornate\u00a0dell&#8217;11\u00a0e\u00a012 Giugno 2015.<\/p>\n<p><img loading=\"lazy\" decoding=\"async\" class=\"alignright  wp-image-5481\" src=\"\/\/www.monitor-radiotv.it\/w\/wp-content\/uploads\/2015\/05\/Palazzo-Ducale-Lucca.jpg\" alt=\"Palazzo-Ducale-Lucca\" width=\"437\" height=\"189\" srcset=\"https:\/\/www.monitor-radiotv.it\/w\/wp-content\/uploads\/2015\/05\/Palazzo-Ducale-Lucca.jpg 800w, https:\/\/www.monitor-radiotv.it\/w\/wp-content\/uploads\/2015\/05\/Palazzo-Ducale-Lucca-300x130.jpg 300w, https:\/\/www.monitor-radiotv.it\/w\/wp-content\/uploads\/2015\/05\/Palazzo-Ducale-Lucca-400x173.jpg 400w\" sizes=\"auto, (max-width: 437px) 100vw, 437px\" \/>Il Forum \u00e8 diventato uno degli eventi principali sul tema in Italia ed Europa, grazie alle peculiarit\u00e0 delle azioni di business networking, relazioni industriali, proposta di innovazione tecnologica, presentazione di progetti e studi di settore, con la presenza dei principali attori dei Media e dell\u2019Industria. Dall\u2019edizione 2012, il Forum ha abbinato altri eventi di primo piano, grazie alle collaborazioni e partnership con associazioni come Fame, Ebu Eurovision ed Hd Forum Italia, potendo arricchire l\u2019appuntamento di Giugno a Lucca, con ulteriori spunti di grande interesse per I professionisti e societ\u00e0 coinvolte. Alle giornate di Lucca partecipano un pubblico di alto livello, con Ceo, Cto, Coo e Direttori Marketing e Business Development, con una presenza media compresa tra le 350 e le 400 persone. Gli speakers provengono\u00a0da tutta Europa ed anche da paesi extraeuropei, inseriti in panel di discussione che si svolgono secondo la modalit\u00e0 di un \u201ctalk show\u201d, per dare maggiore dinamicit\u00e0 e velocit\u00e0 alla discussione, anche per risultare pi\u00f9 efficaci per la platea e creare un \u201cvero dibattito\u201d tra gli ospiti.<\/p>\n<p><img loading=\"lazy\" decoding=\"async\" class=\"alignright  wp-image-5482\" src=\"\/\/www.monitor-radiotv.it\/w\/wp-content\/uploads\/2015\/05\/Forum-Platea.jpg\" alt=\"Forum-Platea\" width=\"516\" height=\"172\" srcset=\"https:\/\/www.monitor-radiotv.it\/w\/wp-content\/uploads\/2015\/05\/Forum-Platea.jpg 1050w, https:\/\/www.monitor-radiotv.it\/w\/wp-content\/uploads\/2015\/05\/Forum-Platea-300x100.jpg 300w, https:\/\/www.monitor-radiotv.it\/w\/wp-content\/uploads\/2015\/05\/Forum-Platea-1024x341.jpg 1024w, https:\/\/www.monitor-radiotv.it\/w\/wp-content\/uploads\/2015\/05\/Forum-Platea-810x270.jpg 810w, https:\/\/www.monitor-radiotv.it\/w\/wp-content\/uploads\/2015\/05\/Forum-Platea-400x133.jpg 400w\" sizes=\"auto, (max-width: 516px) 100vw, 516px\" \/>Un ampio programma caratterizzer\u00e0 la 12.a edizione del Forum Europeo Digitale, con i leaders pi\u00f9 influenti in Italia ed Europa, la presenza delle societ\u00e0 protagoniste nella sfida digitale, le media company coinvolte nella produzione di contenuti, gli attori di avanguardia nello sviluppo del 4K in Europa (sia sul fronte della proposta di distribuzione, sia su quello della proposta commerciale di soluzioni in Ultra Alta Definizione, sia per la produzione di contenuti ed evoluzione dello standard tecnologico), le istituzioni di controllo e di indirizzo in Italia, le principali societ\u00e0 sportive, con un panel dedicato interamente allo Sport&amp;Media, ai nuovi protagonisti sul mercato italiano, per scoprire le ultime novit\u00e0 sullo scenario digitale, per voce diretta degli stessi protagonisti. L&#8217;edizione 2015 presenter\u00e0 le nuove soluzioni digitali per standard, connettivit\u00e0 e contenuti. Una grande opportunit\u00e0 per capire le tecnologie legate all\u2019innovazione, sviluppo di TV e le possibilit\u00e0 offerte da UhdTv, Dvb-T2, Ott TV, HbbTV, HD, con discussione sui nuovi formati di compressione che vedranno cambiare il panorama digitale nei prossimi anni.<\/p>\n<p><a href=\"http:\/\/www.forumeuropeo.tv\/\" target=\"_blank\" rel=\"noopener noreferrer\">Sono aperti le iscrizioni attraverso il sito.<\/a><\/p>\n<p>&nbsp;<\/p>\n","protected":false},"excerpt":{"rendered":"<p>Oltre\u00a040 relatori per\u00a0l&#8217;\u00a0HbbTv European Round Table\/12\u00b0 Forum Europeo Digitale che si terr\u00e0 come di consueto al Palazzo Ducale di\u00a0Lucca\u00a0nelle giornate\u00a0dell&#8217;11\u00a0e\u00a012 Giugno 2015. Il Forum \u00e8 diventato uno degli eventi principali sul tema in Italia ed Europa, grazie alle peculiarit\u00e0 delle azioni di business networking, relazioni industriali, proposta di innovazione tecnologica,&#8230;<\/p>\n","protected":false},"author":1,"featured_media":5480,"comment_status":"closed","ping_status":"closed","sticky":false,"template":"","format":"standard","meta":{"om_disable_all_campaigns":false,"footnotes":""},"categories":[9,77,50],"tags":[23],"class_list":["post-5478","post","type-post","status-publish","format-standard","has-post-thumbnail","hentry","category-canali-tv","category-tecnologie","category-video","tag-eventi-fiere"],"_links":{"self":[{"href":"https:\/\/www.monitor-radiotv.it\/w\/wp-json\/wp\/v2\/posts\/5478","targetHints":{"allow":["GET"]}}],"collection":[{"href":"https:\/\/www.monitor-radiotv.it\/w\/wp-json\/wp\/v2\/posts"}],"about":[{"href":"https:\/\/www.monitor-radiotv.it\/w\/wp-json\/wp\/v2\/types\/post"}],"author":[{"embeddable":true,"href":"https:\/\/www.monitor-radiotv.it\/w\/wp-json\/wp\/v2\/users\/1"}],"replies":[{"embeddable":true,"href":"https:\/\/www.monitor-radiotv.it\/w\/wp-json\/wp\/v2\/comments?post=5478"}],"version-history":[{"count":1,"href":"https:\/\/www.monitor-radiotv.it\/w\/wp-json\/wp\/v2\/posts\/5478\/revisions"}],"predecessor-version":[{"id":26170,"href":"https:\/\/www.monitor-radiotv.it\/w\/wp-json\/wp\/v2\/posts\/5478\/revisions\/26170"}],"wp:featuredmedia":[{"embeddable":true,"href":"https:\/\/www.monitor-radiotv.it\/w\/wp-json\/wp\/v2\/media\/5480"}],"wp:attachment":[{"href":"https:\/\/www.monitor-radiotv.it\/w\/wp-json\/wp\/v2\/media?parent=5478"}],"wp:term":[{"taxonomy":"category","embeddable":true,"href":"https:\/\/www.monitor-radiotv.it\/w\/wp-json\/wp\/v2\/categories?post=5478"},{"taxonomy":"post_tag","embeddable":true,"href":"https:\/\/www.monitor-radiotv.it\/w\/wp-json\/wp\/v2\/tags?post=5478"}],"curies":[{"name":"wp","href":"https:\/\/api.w.org\/{rel}","templated":true}]}}