{"id":771,"date":"2014-04-04T10:19:46","date_gmt":"2014-04-04T09:19:46","guid":{"rendered":"http:\/\/www.monitor-radiotv.it\/wp\/?p=771"},"modified":"2019-11-14T23:38:44","modified_gmt":"2019-11-14T22:38:44","slug":"4k-ultrahd-e-3d-per-la-canonizzazione-di-giovanni-xxiii-e-giovanni-paolo-ii","status":"publish","type":"post","link":"https:\/\/www.monitor-radiotv.it\/w\/4k-ultrahd-e-3d-per-la-canonizzazione-di-giovanni-xxiii-e-giovanni-paolo-ii\/","title":{"rendered":"4K UltraHD e 3D per la canonizzazione di Giovanni XXIII e Giovanni Paolo II"},"content":{"rendered":"<div id=\"fb-root\"><\/div>\n<p><img decoding=\"async\" src=\"\/\/www.monitor-radiotv.it\/wp\/wp-content\/plugins\/rss-poster\/cache\/f371a_sony1.jpg\" align=\"right\" \/>Per portare l\u2019evento della canonizzazione dei due Papi, Giovanni XXIII e Giovanni Paolo II, in ogni angolo del mondo il CTV ha dato avvio ad un progetto, insieme con i partner Sky e <a href=\"http:\/\/www.monitor-radiotv.com\/phoenix\/html\/modules.php?op=modloadname=Web_Linksfile=indexreq=visitlid=345\" title=\"Sony\">Sony<\/a>, che consentir\u00e0 la visione in Alta definizione e 3D in circa 20 Paesi. <br \/>\nIl prossimo 27 aprile, milioni di persone, restando sedute in casa o in una sala cinematografica, potranno attraversare il Colonnato del Bernini ed entrare direttamente in Piazza San Pietro. E\u2019 la sfida lanciata dal Centro Televisivo Vaticano che, per la Canonizzazione dei Beati Giovanni XXIII e Giovanni Paolo II, produrr\u00e0 in diretta l\u2019intera cerimonia in 3D, oltre all\u2019 Ultra HD 4K. Grazie all\u2019impegno di <a href=\"http:\/\/www.monitor-radiotv.com\/openxlink.shtml?http:\/\/www.nexodigital.it\">Nexo Digital<\/a>, in 500 sale cinematografiche nel mondo, oltre 120 in Italia, sar\u00e0 possibile assistere gratuitamente a tutto l\u2019evento. <\/p>\n<p><img decoding=\"async\" src=\"\/\/www.monitor-radiotv.it\/wp\/wp-content\/plugins\/rss-poster\/cache\/cc156_sony2.jpg\" align=\"right\" \/>Uno sforzo senza precedenti, che vedr\u00e0 impegnato DBW Communication nelle riprese in &#8220;4K&#8221;, ovvero l\u2019ultimissima tecnologia che consentir\u00e0 di archiviare immagini estremamente nitide, da conservare per il futuro. <b>Mons.Dario Vigan\u00f2<\/b>, direttore del Centro Televisivo Vaticano:<br \/><i>&#8220;Vogliamo offrire, da un lato, una grande diffusione di tipo immersivo alle persone che non potranno venire. Per noi, tutto il mondo \u00e8 coinvolto. Dall\u2019altro lato, sentiamo la responsabilit\u00e0 di custodire la storia e per questo sperimentiamo la tecnologia 4K, che oggi \u00e8 la frontiera pi\u00f9 efficace&#8221;.<\/i><\/p>\n<p>\n\u201cLa Radio Vaticana fornir\u00e0 come di consueto l\u2019audio\u201d, ha sottolineato il direttore generale, padre <b>Federico Lombardi.<\/b> Un impegno che vede in prima linea la piattaforma Sky e la tecnologia di <a href=\"http:\/\/www.monitor-radiotv.com\/phoenix\/html\/modules.php?op=modloadname=Web_Linksfile=indexreq=visitlid=345\" title=\"Sony\">Sony<\/a>, partner di questa avventura insieme al Ctv. <b>Andrea Zappia<\/b>, amministratore delegato di Sky Italia:<br \/><i>\u201cIl 3D pi\u00f9 che mai in un evento come questo non \u00e8 una curiosit\u00e0: permette una visione fortemente moderna ed innovativa, che consente di comprendere quanto le tecnologie oggi, che nascono spesso per motivazioni commerciali, possano avere in realt\u00e0 un valore divulgativo, sociale, spirituale, particolarmente elevato\u201d.<\/i><\/p>\n<p>\nPer la Canonizzazione sar\u00e0 utilizzata una tecnologia d\u2019avanguardia. <b>David Bush<\/b>, direttore marketing di <a href=\"http:\/\/www.monitor-radiotv.com\/phoenix\/html\/modules.php?op=modloadname=Web_Linksfile=indexreq=visitlid=345\" title=\"Sony\">Sony<\/a> Europa:<br \/>\n&#8220;I wish that it helps&#8230;&#8221;.Spero che aiuti a diffondere l\u2019emozione dell\u2019evento a tutte quelle migliaia di persone nel mondo che vogliono essere l\u00ec fisicamente. E questo \u00e8 l\u2019obiettivo della tecnologia, credo: cercare di replicare l\u2019esperienza reale di essere qui in Piazza San Pietro.<br \/>\nA Globecast \u00e8 affidata la trasmissione dei segnali e il supporto tecnologico di <a href=\"http:\/\/www.eutelsat.com\" title=\"Eutelsat\">Eutelsat<\/a> permetter\u00e0 la copertura globale dell\u2019evento con 9 satelliti: pi\u00f9 di un Mondiale di calcio o di un\u2019Olimpiade. <b>Renato Farina<\/b>, amministratore delegato di <a href=\"http:\/\/www.eutelsat.com\" title=\"Eutelsat\">Eutelsat<\/a> Italia:<br \/>\n&#8220;E\u2019 una vera e propria pagina storica. Con le ultime acquisizioni dell\u2019operatore americano Satmex, abbiamo raggiunto una flotta di 36 satelliti e ora copriamo tutto il mondo. Per questo evento, nove satelliti della flotta saranno impegnati per 5 ore di trasmissione in diretta. Siamo onorati di poter inserire nei nostri annali che la nostra prima mondovisione sar\u00e0 fatta dal Vaticano&#8221;.<\/p>\n<p>\nL&#8217;appuntamento \u00e8 per domenica 27 aprile, in diretta su Sky 3D (canale 150 e, per quel giorno, anche al canale 506) e su Sky TG24 HD (canali 100 e 500): si partir\u00e0 alle 9.30 (e alle 10 nei cinema) con collegamenti dal Braccio di Carlo Magno, una terrazza esclusiva su Piazza San Pietro, e la presenza di ospiti italiani ed internazionali. Alle 10 \u00e8 previsto l\u00b9inizio della Messa, presieduta da Papa Francesco.\n<\/p><\/p>\n","protected":false},"excerpt":{"rendered":"<p>Per portare l\u2019evento della canonizzazione dei due Papi, Giovanni XXIII e Giovanni Paolo II, in ogni angolo del mondo il CTV ha dato avvio ad un progetto, insieme con i partner Sky e Sony, che consentir\u00e0 la visione in Alta definizione e 3D in circa 20 Paesi. Il prossimo 27&#8230;<\/p>\n","protected":false},"author":1,"featured_media":0,"comment_status":"closed","ping_status":"open","sticky":false,"template":"","format":"standard","meta":{"om_disable_all_campaigns":false,"footnotes":""},"categories":[11],"tags":[],"class_list":["post-771","post","type-post","status-publish","format-standard","hentry","category-senza-categoria"],"_links":{"self":[{"href":"https:\/\/www.monitor-radiotv.it\/w\/wp-json\/wp\/v2\/posts\/771","targetHints":{"allow":["GET"]}}],"collection":[{"href":"https:\/\/www.monitor-radiotv.it\/w\/wp-json\/wp\/v2\/posts"}],"about":[{"href":"https:\/\/www.monitor-radiotv.it\/w\/wp-json\/wp\/v2\/types\/post"}],"author":[{"embeddable":true,"href":"https:\/\/www.monitor-radiotv.it\/w\/wp-json\/wp\/v2\/users\/1"}],"replies":[{"embeddable":true,"href":"https:\/\/www.monitor-radiotv.it\/w\/wp-json\/wp\/v2\/comments?post=771"}],"version-history":[{"count":1,"href":"https:\/\/www.monitor-radiotv.it\/w\/wp-json\/wp\/v2\/posts\/771\/revisions"}],"predecessor-version":[{"id":24950,"href":"https:\/\/www.monitor-radiotv.it\/w\/wp-json\/wp\/v2\/posts\/771\/revisions\/24950"}],"wp:attachment":[{"href":"https:\/\/www.monitor-radiotv.it\/w\/wp-json\/wp\/v2\/media?parent=771"}],"wp:term":[{"taxonomy":"category","embeddable":true,"href":"https:\/\/www.monitor-radiotv.it\/w\/wp-json\/wp\/v2\/categories?post=771"},{"taxonomy":"post_tag","embeddable":true,"href":"https:\/\/www.monitor-radiotv.it\/w\/wp-json\/wp\/v2\/tags?post=771"}],"curies":[{"name":"wp","href":"https:\/\/api.w.org\/{rel}","templated":true}]}}