{"id":780,"date":"2014-04-09T13:14:06","date_gmt":"2014-04-09T12:14:06","guid":{"rendered":"http:\/\/www.monitor-radiotv.it\/wp\/?p=780"},"modified":"2019-11-14T23:40:04","modified_gmt":"2019-11-14T22:40:04","slug":"le-panasonic_varicam-diventano-modulari","status":"publish","type":"post","link":"https:\/\/www.monitor-radiotv.it\/w\/le-panasonic_varicam-diventano-modulari\/","title":{"rendered":"Le Panasonic_Varicam diventano modulari"},"content":{"rendered":"<div id=\"fb-root\"><\/div>\n<p><img decoding=\"async\" src=\"\/\/www.monitor-radiotv.it\/wp\/wp-content\/plugins\/rss-poster\/cache\/214f6_pana1.jpg\" align=\"right\" \/>Condividono lo stesso modulo di registrazione le due nuove videocamere Varicam 35 e HS, la prima capace di registrare il video in formato 4K e la seconda limitata all\u2019HD ma con frame rate variabile fino a 240 fps.<br \/>\nLa Varicam 35 \u00e8 dotata di attacco per ottiche cinematografiche PL e impiega un sensore MOS in formato Super 35 per la cattura di immagini con risoluzione fino a 4.096 x 2.160 pixel (4K) e range dinamico di 14 stop. Il supporto per i flussi di lavoro basati sull\u2019Academy Color Encoding System (ACES) la rende ideale per applicazioni in campo cinematografico. Il frame rate \u00e8 variabile in modo continuo e pu\u00f2 arrivare fino a 120 fps nei formati 4K o UHD, registrabili con il codec AVC-Ultra sulle nuove schede expressP2 &#8211; caratterizzate da una velocit\u00e0 di trasferimento che pu\u00f2 arrivare a 2,4 Gbps &#8211; oppure in formato V-RAW sul recorder Codex, collegabile direttamente al recorder Panasonic. <\/p>\n<p><img decoding=\"async\" src=\"\/\/www.monitor-radiotv.it\/wp\/wp-content\/plugins\/rss-poster\/cache\/88347_pana2.jpg\" align=\"right\" \/>La Varicam 35 pu\u00f2 anche registrare il video in formato 2K\/HD sia utilizando il codec AVC-Intra 100\/200, sia il codec Apple ProRes 422 HQ o 4444. La presenza di un doppio codec permette la registrazione simultanea di proxy con bitrate da 1,5 a 6 Mbps su schede microP2 per le quali sono presenti due slot. <\/p>\n<p>\nOltre alle quattro uscite 3G-SDI necessarie per il formato 4K, il modulo recorder mette a disposizione un\u2019uscita HD-SDI con downconverter interno e due ingressi XLR per l\u2019audio. La disponibilit\u00e0 \u00e8 prevista per il prossimo autunno e il prezzo sar\u00e0 inferiore a 60 mila dollari, incluso il mirino elettronico con display OLED e zoom ottico.<\/p>\n<p>\nCome accennato in precedenza, il modulo recorder \u00e8 lo stesso utilizzato dalla Varicam HS e pu\u00f2 essere anche collegato con un cavo al modulo videocamera che si trasforma cos\u00ec in una box camera. Con la Varicam HS, le schede expressP2 sono indispensabili per la registrazione del video HD a 240 fps: 32 minuti sono registrabili su una scheda da 256 GB. I sensori utilizzati dalla Varicam HS sono tre MOS da 2\/3 di pollice anche questi con un range dinamico di 14 stop. <\/p>\n<p>\nL\u2019attacco per le ottiche \u00e8 la classica baionetta B4 che permette di utilizzare quindi tutte le ottiche broadcast, secondo Panasonic pi\u00f9 adatte per questo tipo di applicazione. Anche la Varicam HS \u00e8 attesa per il prossimo autunno e il prezzo sar\u00e0 inferiore a 55 mila dollari.<\/p>\n<hr \/>\n<p><\/p>\n","protected":false},"excerpt":{"rendered":"<p>Condividono lo stesso modulo di registrazione le due nuove videocamere Varicam 35 e HS, la prima capace di registrare il video in formato 4K e la seconda limitata all\u2019HD ma con frame rate variabile fino a 240 fps. La Varicam 35 \u00e8 dotata di attacco per ottiche cinematografiche PL e&#8230;<\/p>\n","protected":false},"author":1,"featured_media":0,"comment_status":"closed","ping_status":"open","sticky":false,"template":"","format":"standard","meta":{"om_disable_all_campaigns":false,"footnotes":""},"categories":[11],"tags":[],"class_list":["post-780","post","type-post","status-publish","format-standard","hentry","category-senza-categoria"],"_links":{"self":[{"href":"https:\/\/www.monitor-radiotv.it\/w\/wp-json\/wp\/v2\/posts\/780","targetHints":{"allow":["GET"]}}],"collection":[{"href":"https:\/\/www.monitor-radiotv.it\/w\/wp-json\/wp\/v2\/posts"}],"about":[{"href":"https:\/\/www.monitor-radiotv.it\/w\/wp-json\/wp\/v2\/types\/post"}],"author":[{"embeddable":true,"href":"https:\/\/www.monitor-radiotv.it\/w\/wp-json\/wp\/v2\/users\/1"}],"replies":[{"embeddable":true,"href":"https:\/\/www.monitor-radiotv.it\/w\/wp-json\/wp\/v2\/comments?post=780"}],"version-history":[{"count":1,"href":"https:\/\/www.monitor-radiotv.it\/w\/wp-json\/wp\/v2\/posts\/780\/revisions"}],"predecessor-version":[{"id":24961,"href":"https:\/\/www.monitor-radiotv.it\/w\/wp-json\/wp\/v2\/posts\/780\/revisions\/24961"}],"wp:attachment":[{"href":"https:\/\/www.monitor-radiotv.it\/w\/wp-json\/wp\/v2\/media?parent=780"}],"wp:term":[{"taxonomy":"category","embeddable":true,"href":"https:\/\/www.monitor-radiotv.it\/w\/wp-json\/wp\/v2\/categories?post=780"},{"taxonomy":"post_tag","embeddable":true,"href":"https:\/\/www.monitor-radiotv.it\/w\/wp-json\/wp\/v2\/tags?post=780"}],"curies":[{"name":"wp","href":"https:\/\/api.w.org\/{rel}","templated":true}]}}