{"id":790,"date":"2014-04-27T19:14:34","date_gmt":"2014-04-27T18:14:34","guid":{"rendered":"http:\/\/www.monitor-radiotv.it\/wp\/?p=790"},"modified":"2019-11-14T23:41:00","modified_gmt":"2019-11-14T22:41:00","slug":"rai_3-blob-ha-compiuto-25-anni","status":"publish","type":"post","link":"https:\/\/www.monitor-radiotv.it\/w\/rai_3-blob-ha-compiuto-25-anni\/","title":{"rendered":"Rai_3, Blob ha compiuto 25 anni"},"content":{"rendered":"<div id=\"fb-root\"><\/div>\n<p><img decoding=\"async\" src=\"\/\/www.monitor-radiotv.it\/wp\/wp-content\/plugins\/rss-poster\/cache\/a92b3_blob1.jpg\" align=\"right\" \/>Blob \u00e8 nato il 17 aprile 1989 come un tentativo di fare una rassegna della televisione del giorno prima. In sostanza nel corso degli anni l\u2019obiettivo non \u00e8 cambiato, anche se il linguaggio del programma si \u00e8 progressivamente affinato, il montaggio si \u00e8 velocizzato, e i contenuti politici sono diventati prevalenti.<br \/>\nBlob ha sviluppato e incrementato, progressivamente, l\u2019uso di immagini \u201cproprie\u201d: riprese realizzate con videocamere in occasioni canoniche quali Mostra del Cinema a Venezia, Festival di Sanremo, congressi di partito, manifestazioni sindacali e politiche e cos\u00ec via. L\u2019occhio di Blob \u00e8 caratterizzato dal tentativo di catturare immagini senza interferire con il personaggio o la situazione, quasi fosse una cosa casuale.<\/p>\n<p><img decoding=\"async\" src=\"\/\/www.monitor-radiotv.it\/wp\/wp-content\/plugins\/rss-poster\/cache\/390d6_blob2.jpg\" align=\"right\" \/>Dal 17 aprile 1989, giorno della sua nascita, al 17 aprile 2014 sono andate in onda 7.335 puntate: 6.442 sono state quelle della programmazione quotidiana e 893 le puntate monografiche, dedicate cio\u00e8 a personaggi politici o dello spettacolo, eventi televisivi o cinematografici,  avvenimenti della cronaca, della politica o del sociale.<\/p>\n<p>\nIn 25 anni hanno partecipato alla realizzazione del programma 42 persone,  alcune per pochi mesi, altre per anni, altre per quasi tutto il periodo.<\/p>\n<p>\nSu Blob sono stati scritti diversi libri e realizzate svariate tesi di laurea presso le Universit\u00e0 di Roma, Siena, Milano, Lecce, Perugia, Trieste ed altre. La stampa nazionale e locale ed altri programmi televisivi si sono occupati spesso della trasmissione. Il montaggio blobbistico ha contagiato la TV ed \u00e8 entrato nel gergo: \u201cadesso vi mostriamo un blobbino sull\u2019argomento\u201d. <\/p>\n<p>\nNella sua lunga vita Blob \u00e8 andato incontro a diverse \u201cdisavventure\u201d. Comunque poche, considerando che la \u201cforma\u201d principale \u2013 estetica e politica \u2013 del programma  fu e resta quella dell\u2019autonomia. Un\u2019autonomia estrema, forse mai riscontrata nella storia della televisione.<\/p>\n<p>\nQuattro volte Blob ha vinto il premio \u201cRegia televisiva Oscar TV\u201d, una volta il premio \u201cRadiocorriere TV\u201d e il \u201cTeleratto\u201d, oltre a molti altri riconoscimenti per la televisione e la cultura.<br \/>\nNella redazione di Blob \u00e8 custodita, in una teca, a mo\u2019 di reliquia, la dedica autografa dell\u2019On. Giulio Andreotti.\n<\/p><\/p>\n","protected":false},"excerpt":{"rendered":"<p>Blob \u00e8 nato il 17 aprile 1989 come un tentativo di fare una rassegna della televisione del giorno prima. In sostanza nel corso degli anni l\u2019obiettivo non \u00e8 cambiato, anche se il linguaggio del programma si \u00e8 progressivamente affinato, il montaggio si \u00e8 velocizzato, e i contenuti politici sono diventati&#8230;<\/p>\n","protected":false},"author":1,"featured_media":0,"comment_status":"closed","ping_status":"open","sticky":false,"template":"","format":"standard","meta":{"om_disable_all_campaigns":false,"footnotes":""},"categories":[11],"tags":[],"class_list":["post-790","post","type-post","status-publish","format-standard","hentry","category-senza-categoria"],"_links":{"self":[{"href":"https:\/\/www.monitor-radiotv.it\/w\/wp-json\/wp\/v2\/posts\/790","targetHints":{"allow":["GET"]}}],"collection":[{"href":"https:\/\/www.monitor-radiotv.it\/w\/wp-json\/wp\/v2\/posts"}],"about":[{"href":"https:\/\/www.monitor-radiotv.it\/w\/wp-json\/wp\/v2\/types\/post"}],"author":[{"embeddable":true,"href":"https:\/\/www.monitor-radiotv.it\/w\/wp-json\/wp\/v2\/users\/1"}],"replies":[{"embeddable":true,"href":"https:\/\/www.monitor-radiotv.it\/w\/wp-json\/wp\/v2\/comments?post=790"}],"version-history":[{"count":1,"href":"https:\/\/www.monitor-radiotv.it\/w\/wp-json\/wp\/v2\/posts\/790\/revisions"}],"predecessor-version":[{"id":24969,"href":"https:\/\/www.monitor-radiotv.it\/w\/wp-json\/wp\/v2\/posts\/790\/revisions\/24969"}],"wp:attachment":[{"href":"https:\/\/www.monitor-radiotv.it\/w\/wp-json\/wp\/v2\/media?parent=790"}],"wp:term":[{"taxonomy":"category","embeddable":true,"href":"https:\/\/www.monitor-radiotv.it\/w\/wp-json\/wp\/v2\/categories?post=790"},{"taxonomy":"post_tag","embeddable":true,"href":"https:\/\/www.monitor-radiotv.it\/w\/wp-json\/wp\/v2\/tags?post=790"}],"curies":[{"name":"wp","href":"https:\/\/api.w.org\/{rel}","templated":true}]}}