{"id":814,"date":"2014-05-17T00:12:24","date_gmt":"2014-05-16T23:12:24","guid":{"rendered":"http:\/\/www.monitor-radiotv.it\/wp\/?p=814"},"modified":"2019-11-14T23:42:19","modified_gmt":"2019-11-14T22:42:19","slug":"la-telecamera-f5-risplende-sul-set-in-sicilia","status":"publish","type":"post","link":"https:\/\/www.monitor-radiotv.it\/w\/la-telecamera-f5-risplende-sul-set-in-sicilia\/","title":{"rendered":"La telecamera F5 risplende sul set in Sicilia"},"content":{"rendered":"<div id=\"fb-root\"><\/div>\n<p><img decoding=\"async\" src=\"\/\/www.monitor-radiotv.it\/wp\/wp-content\/plugins\/rss-poster\/cache\/311e3_sony11.jpg\" align=\"right\" \/>Il film-documentario in uscita, &#8220;1893. L&#8217;inchiesta&#8221;, prodotto dall&#8217;italiana Factory Film e girato con F5, \u00e8 un lavoro splendido dal punto di vista visivo, con ritratti impareggiabili e panoramiche bellissime e mozzafiato. Racconta una &#8220;pagina dimenticata della storia siciliana&#8221;, quando i Fasci siciliani, movimento di protesta composto in gran parte di contadini e minatori, si sollevarono per chiedere la riforma agraria e l&#8217;istituzione di nuovi diritti per i lavoratori. Il movimento ebbe inizialmente successo, prima di essere schiacciato da una guarnigione di 15.000 soldati inviata a Palermo dall&#8217;allora Presidente del consiglio Francesco Crispi.<\/p>\n<p><img decoding=\"async\" src=\"\/\/www.monitor-radiotv.it\/wp\/wp-content\/plugins\/rss-poster\/cache\/93223_sony12.jpg\" align=\"right\" \/><\/p>\n<hr \/>\n<p>\n<br \/>\nIl documentario \u00e8 stato girato sul posto nel giro di 20 giorni a novembre, mentre le riprese in studio sono previste per il mese di marzo. \u00c8 diretto da <b>Nella Condorelli<\/b> e girato in 2K dal direttore della fotografia <b>Vincenzo Condorelli <\/b>AIC con una telecamera F5 di <a href=\"http:\/\/www.monitor-radiotv.com\/phoenix\/html\/modules.php?op=modloadname=Web_Linksfile=indexreq=visitlid=345\" title=\"Sony\">Sony<\/a>. L&#8217;uscita \u00e8 prevista per giugno. <br \/><img decoding=\"async\" src=\"\/\/www.monitor-radiotv.it\/wp\/wp-content\/plugins\/rss-poster\/cache\/a2467_sony13.jpg\" align=\"right\" \/><br \/>\n&#8220;Si tratta del mio primo progetto con una delle nuove telecamere CineAlta di <a href=\"http:\/\/www.monitor-radiotv.com\/phoenix\/html\/modules.php?op=modloadname=Web_Linksfile=indexreq=visitlid=345\" title=\"Sony\">Sony<\/a>. Parte della scelta iniziale \u00e8 stata dettata dalla curiosit\u00e0,&#8221; ammette Condorelli. &#8220;Avevo sentito e letto grandi cose sia sulla telecamera F5 che su F55 e volevo provarne tutte le funzionalit\u00e0 telecamera alla mano.&#8221;<\/p>\n<p>\nCondorelli ha testato le telecamere alla societ\u00e0 milanese di noleggio Panatronics, dichiarando di essere stato &#8220;davvero felice dei risultati.&#8221; Per sfruttare appieno l&#8217;investimento, ha optato per un test decisamente fuori dagli schemi, ma pi\u00f9 in linea con le esigenze di produzione: &#8220;Non sono particolarmente interessato ai test del range dinamico tipici, realizzati in ambienti molto controllati, poich\u00e9 so che non mi trover\u00f2 mai in quel tipo di situazione in fase di riprese.&#8221; <\/p>\n<p>\nEcco perch\u00e9 Condorelli ha preferito &#8220;testare la telecamera in uno scenario che si avvicinasse il pi\u00f9 possibile a ci\u00f2 che avrei trovato sul set. Ho provato le riprese principalmente in esterni, usandola il pi\u00f9 possibile in diverse condizioni di illuminazione \u2013 sia con luce diurna in diversi momenti della giornata che in presenza di illuminazione stradale a vapore di sodio.&#8221;<br \/>\nRiprese in condizioni di luce scarsa<\/p>\n<p>\n&#8220;Le prestazioni generali di F5 mi hanno davvero colpito, specialmente quando si \u00e8 trattato di girare con luce scarsa: l&#8217;ISO 2000 della telecamera ha praticamente coinciso con le mie letture della luce incidente sull&#8217;esposimetro, che riportavano lo stesso valore,&#8221; rivela. <\/p>\n<p>\n&#8220;Il risultato \u00e8 stato perfetto. Tenendo conto del fatto che avevo pianificato di girare il progetto con un set di ottiche Zeiss Compact Prime e uno Zoom (70 mm-200 mm T2.9), ottiche eccellenti ma non particolarmente veloci, le possibilit\u00e0 date da F5 di spingere l&#8217;ISO fino a 5000 senza evidenziare dei disturbi mi ha convinto del tutto.&#8221;<br \/>\nUn modello affidabile<\/p>\n<p>\nTuttavia, secondo Condorelli, il punto chiave di F5 nella realizzazione di &#8220;1893. L&#8217;Inchiesta&#8221; non \u00e8 stato la qualit\u00e0 dell&#8217;immagine, ma la sua affidabilit\u00e0: &#8220;Avevamo un programma molto serrato, con costanti spostamenti da una location all&#8217;altra, attraverso campi, montagne e strade dissestate, alla guida di veicoli di ogni sorta,&#8221; spiega. &#8220;Il successo \u00e8 stato assicurato anche dalla telecamera, che non ha mai tradito la nostra fiducia. F5 \u00e8 ben strutturata; \u00e8 leggera ma solida e assicura una qualit\u00e0 delle immagini davvero notevole.&#8221; <\/p>\n<p>\n&#8220;Il design modulare della telecamera \u00e8 ergonomico e versatile, facile da tenere in equilibrio su qualsiasi supporto, dalle installazioni su veicolo alle Steadicam&#8221;, aggiunge. Il nuovo menu semplificato sul corpo telecamera rende parametri fondamentali per i cameraman \u2013 come sensibilit\u00e0 ISO, fps, temperatura del colore \u2013 accessibili in un lampo.&#8221;\n<\/p><\/p>\n","protected":false},"excerpt":{"rendered":"<p>Il film-documentario in uscita, &#8220;1893. L&#8217;inchiesta&#8221;, prodotto dall&#8217;italiana Factory Film e girato con F5, \u00e8 un lavoro splendido dal punto di vista visivo, con ritratti impareggiabili e panoramiche bellissime e mozzafiato. Racconta una &#8220;pagina dimenticata della storia siciliana&#8221;, quando i Fasci siciliani, movimento di protesta composto in gran parte di&#8230;<\/p>\n","protected":false},"author":1,"featured_media":0,"comment_status":"closed","ping_status":"open","sticky":false,"template":"","format":"standard","meta":{"om_disable_all_campaigns":false,"footnotes":""},"categories":[11],"tags":[],"class_list":["post-814","post","type-post","status-publish","format-standard","hentry","category-senza-categoria"],"_links":{"self":[{"href":"https:\/\/www.monitor-radiotv.it\/w\/wp-json\/wp\/v2\/posts\/814","targetHints":{"allow":["GET"]}}],"collection":[{"href":"https:\/\/www.monitor-radiotv.it\/w\/wp-json\/wp\/v2\/posts"}],"about":[{"href":"https:\/\/www.monitor-radiotv.it\/w\/wp-json\/wp\/v2\/types\/post"}],"author":[{"embeddable":true,"href":"https:\/\/www.monitor-radiotv.it\/w\/wp-json\/wp\/v2\/users\/1"}],"replies":[{"embeddable":true,"href":"https:\/\/www.monitor-radiotv.it\/w\/wp-json\/wp\/v2\/comments?post=814"}],"version-history":[{"count":1,"href":"https:\/\/www.monitor-radiotv.it\/w\/wp-json\/wp\/v2\/posts\/814\/revisions"}],"predecessor-version":[{"id":24981,"href":"https:\/\/www.monitor-radiotv.it\/w\/wp-json\/wp\/v2\/posts\/814\/revisions\/24981"}],"wp:attachment":[{"href":"https:\/\/www.monitor-radiotv.it\/w\/wp-json\/wp\/v2\/media?parent=814"}],"wp:term":[{"taxonomy":"category","embeddable":true,"href":"https:\/\/www.monitor-radiotv.it\/w\/wp-json\/wp\/v2\/categories?post=814"},{"taxonomy":"post_tag","embeddable":true,"href":"https:\/\/www.monitor-radiotv.it\/w\/wp-json\/wp\/v2\/tags?post=814"}],"curies":[{"name":"wp","href":"https:\/\/api.w.org\/{rel}","templated":true}]}}