{"id":817,"date":"2014-05-17T00:12:38","date_gmt":"2014-05-16T23:12:38","guid":{"rendered":"http:\/\/www.monitor-radiotv.it\/wp\/?p=817"},"modified":"2019-11-14T23:42:44","modified_gmt":"2019-11-14T22:42:44","slug":"fcp-assoradio-a-marzo-pubblicita-in-radio-a-42","status":"publish","type":"post","link":"https:\/\/www.monitor-radiotv.it\/w\/fcp-assoradio-a-marzo-pubblicita-in-radio-a-42\/","title":{"rendered":"FCP-Assoradio. A marzo pubblicit\u00e0 in radio a +4,2%"},"content":{"rendered":"<div id=\"fb-root\"><\/div>\n<p><img decoding=\"async\" src=\"\/\/www.monitor-radiotv.it\/wp\/wp-content\/plugins\/rss-poster\/cache\/206d0_assoradio.jpg\" align=\"right\" \/>Il fatturato totale del mese di marzo nel settore radiofonico in Italia \u00e8 pari a 27.563.000 euro. Paolo Salvaderi, Presidente <a href=\"http:\/\/www.monitor-radiotv.com\/openxlink.shtml?http:\/\/www.fcponline.it\/assoradio\">FCP-Assoradio<\/a>, commenta: \u201cIl dato positivo del mese di marzo conferma le nostre previsioni e conclude un primo trimestre molto incoraggiante per l\u2019intero comparto\u201d. L\u2019Osservatorio FCP-Assoradio ha raccolto i dati relativi al fatturato pubblicitario del periodo gennaio-marzo 2014. I dati evidenziano un aumento del fatturato pubblicitario della pubblicit\u00e0 nazionale radiofonica pari al +4,2% nel mese di marzo 2014 rispetto allo stesso periodo del 2013. Tale dato corrisponde ad un fatturato totale di 27.563.000 euro. Paolo Salvaderi, Presidente FCP-Assoradio, commenta: \u201cIl dato positivo del mese di Marzo conferma le nostre previsioni e conclude un primo trimestre molto incoraggiante per l\u2019intero comparto. Il crescente interesse nei confronti delle potenzialit\u00e0 della Radio, anche da parte di clienti e settori tradizionalmente meno presenti sul mezzo, \u00e8 un ottimo segnale in vista dei prossimi mesi che rappresentano un periodo di alta stagionalit\u00e0 per il mercato in generale e per la Radio in particolare\u201d.<\/p>\n<p><img decoding=\"async\" src=\"\/\/www.monitor-radiotv.it\/wp\/wp-content\/plugins\/rss-poster\/cache\/2a310_assoradio0.jpg\" align=\"right\" \/><\/p><\/p>\n","protected":false},"excerpt":{"rendered":"<p>Il fatturato totale del mese di marzo nel settore radiofonico in Italia \u00e8 pari a 27.563.000 euro. Paolo Salvaderi, Presidente FCP-Assoradio, commenta: \u201cIl dato positivo del mese di marzo conferma le nostre previsioni e conclude un primo trimestre molto incoraggiante per l\u2019intero comparto\u201d. L\u2019Osservatorio FCP-Assoradio ha raccolto i dati relativi&#8230;<\/p>\n","protected":false},"author":1,"featured_media":0,"comment_status":"closed","ping_status":"open","sticky":false,"template":"","format":"standard","meta":{"om_disable_all_campaigns":false,"footnotes":""},"categories":[11],"tags":[],"class_list":["post-817","post","type-post","status-publish","format-standard","hentry","category-senza-categoria"],"_links":{"self":[{"href":"https:\/\/www.monitor-radiotv.it\/w\/wp-json\/wp\/v2\/posts\/817","targetHints":{"allow":["GET"]}}],"collection":[{"href":"https:\/\/www.monitor-radiotv.it\/w\/wp-json\/wp\/v2\/posts"}],"about":[{"href":"https:\/\/www.monitor-radiotv.it\/w\/wp-json\/wp\/v2\/types\/post"}],"author":[{"embeddable":true,"href":"https:\/\/www.monitor-radiotv.it\/w\/wp-json\/wp\/v2\/users\/1"}],"replies":[{"embeddable":true,"href":"https:\/\/www.monitor-radiotv.it\/w\/wp-json\/wp\/v2\/comments?post=817"}],"version-history":[{"count":1,"href":"https:\/\/www.monitor-radiotv.it\/w\/wp-json\/wp\/v2\/posts\/817\/revisions"}],"predecessor-version":[{"id":24984,"href":"https:\/\/www.monitor-radiotv.it\/w\/wp-json\/wp\/v2\/posts\/817\/revisions\/24984"}],"wp:attachment":[{"href":"https:\/\/www.monitor-radiotv.it\/w\/wp-json\/wp\/v2\/media?parent=817"}],"wp:term":[{"taxonomy":"category","embeddable":true,"href":"https:\/\/www.monitor-radiotv.it\/w\/wp-json\/wp\/v2\/categories?post=817"},{"taxonomy":"post_tag","embeddable":true,"href":"https:\/\/www.monitor-radiotv.it\/w\/wp-json\/wp\/v2\/tags?post=817"}],"curies":[{"name":"wp","href":"https:\/\/api.w.org\/{rel}","templated":true}]}}